{"id":47951,"date":"2024-04-23T12:55:00","date_gmt":"2024-04-23T15:55:00","guid":{"rendered":"https:\/\/www.radiopresidenteibanez.cl\/web\/?p=47951"},"modified":"2024-04-23T10:08:08","modified_gmt":"2024-04-23T13:08:08","slug":"senda-magallanes-presento-modelo-de-gobernanza-para-la-gestion-local-en-el-concejo-comunal-de-natales","status":"publish","type":"post","link":"https:\/\/www.radiopresidenteibanez.cl\/web\/senda-magallanes-presento-modelo-de-gobernanza-para-la-gestion-local-en-el-concejo-comunal-de-natales\/","title":{"rendered":"SENDA MAGALLANES PRESENT\u00d3 MODELO DE GOBERNANZA PARA LA GESTI\u00d3N LOCAL EN EL CONCEJO COMUNAL DE NATALES"},"content":{"rendered":"\n<p>La Directora Regional del Servicio Nacional para la Prevenci\u00f3n y Rehabilitaci\u00f3n del Consumo de Drogas y Alcohol, Senda en Magallanes, Lorena Guala Vivar, present\u00f3 ante la alcaldesa y el consejo municipal de Natales el modelo de gobernanza para la gesti\u00f3n local.<\/p>\n\n\n\n<p>Esta estrategia busca reforzar el rol de los gobiernos locales en el desarrollo de los territorios con el prop\u00f3sito principal de facilitar la construcci\u00f3n de acuerdos que impulsen la creaci\u00f3n e implementaci\u00f3n de pol\u00edticas, programas y estrategias integrales de prevenci\u00f3n en el consumo de sustancias.<\/p>\n\n\n\n<p>Lorena Guala, puntualiz\u00f3 que <em>\u201cestos esfuerzos est\u00e1n orientados a la construcci\u00f3n de comunidades saludables, protectoras y de cuidados\u201d.<\/em><\/p>\n\n\n\n<p>A\u00f1adi\u00f3 que <em>\u201cun pilar fundamental de este modelo es el compromiso activo de la autoridad local, subrayando la capacidad de los Municipios para gestionar de manera eficiente los recursos disponibles, maximizando as\u00ed el impacto de las intervenciones en la comunidad\u201d.<\/em><\/p>\n\n\n\n<p>En su presentaci\u00f3n en el concejo municipal de la capital de \u00daltima esperanza, la directora regional de Senda explic\u00f3 que en este modelo se destaca la importancia de la intersectorialidad y la participaci\u00f3n ciudadana, como elementos clave para construir acciones m\u00e1s eficientes y pertinentes a las necesidades locales.<\/p>\n\n\n\n<p>La instalaci\u00f3n de esta gobernanza considera la generaci\u00f3n de productos que permitan planificar y organizar el trabajo en las comunas para el \u00e9xito de la implementaci\u00f3n de la oferta en los territorios.<\/p>\n\n\n\n<p>Entre los productos se destaca, el dise\u00f1o de un diagn\u00f3stico comunal y el plan de gesti\u00f3n comunal. Esto permitir\u00e1 orientar el trabajo en las comunas, generando evidencia y permitiendo el reporte de las intervenciones que luego ser\u00e1 presentado a las autoridades locales.<\/p>\n\n\n\n<p>La apuesta ser\u00e1 promover el trabajo comunitario a trav\u00e9s de barrios focalizados del Programa Senda Previene que se instala en las comunas a trav\u00e9s de un convenio entre el municipio y SENDA.<\/p>\n\n\n\n<p>Esta estrategia busca involucrar activamente a la ciudadan\u00eda en la identificaci\u00f3n de necesidades y la elaboraci\u00f3n de planes de acci\u00f3n que fortalezcan los factores protectores contra el consumo de drogas.<\/p>\n\n\n\n<p>\u00c9nfasis&nbsp; y relevancia del modelo<\/p>\n\n\n\n<p>Permite organizar los recursos del nivel central y regional en torno a las prioridades ciudadanas y de Estado.<\/p>\n\n\n\n<p>\u00c9nfasis del trabajo comunitario a trav\u00e9s de la focalizaci\u00f3n en los barrios<\/p>\n\n\n\n<p>Mayor cercan\u00eda con la comunidad, identificaci\u00f3n de necesidades locales y fortalecimiento de la cohesi\u00f3n social.<\/p>\n\n\n\n<p>La participaci\u00f3n activa de la ciudadan\u00eda en este proceso garantiza una mayor efectividad y sostenibilidad de las acciones implementadas.<\/p>\n\n\n\n<p>A nivel program\u00e1tico, facilita la implementaci\u00f3n adecuada de la oferta program\u00e1tica en las comunas, resguardando la gesti\u00f3n de recursos y organizando el trabajo de manera integral.<\/p>\n\n\n\n<p>La alcaldesa de Natales, Antonieta Oyarzo, junto a los concejales Guillermo Ruiz, Marcelo Contreras y Juan Ojeda, destacaron el trabajo que desarrolla el programa Senda Previene en esta comuna, indicando que han logrado un importante acercamiento con las organizaciones y establecimientos educacionales.<\/p>\n\n\n\n<p>En tanto el concejal Ricardo Urtubia, plante\u00f3 que el programa Senda Previene deber\u00eda estar en todas las comunas de la regi\u00f3n, y no s\u00f3lo en las capitales provinciales.<\/p>\n","protected":false},"excerpt":{"rendered":"<p>La Directora Regional del Servicio Nacional para la Prevenci\u00f3n y Rehabilitaci\u00f3n del Consumo de Drogas y Alcohol, Senda en Magallanes, Lorena Guala Vivar, present\u00f3 ante la alcaldesa y el consejo&#8230; <a class=\"read-more\" href=\"https:\/\/www.radiopresidenteibanez.cl\/web\/senda-magallanes-presento-modelo-de-gobernanza-para-la-gestion-local-en-el-concejo-comunal-de-natales\/\">Leer m\u00e1s<\/a><\/p>\n","protected":false},"author":2,"featured_media":47952,"comment_status":"closed","ping_status":"closed","sticky":false,"template":"","format":"standard","meta":{"footnotes":""},"categories":[1],"tags":[],"class_list":["post-47951","post","type-post","status-publish","format-standard","has-post-thumbnail","hentry","category-cronica"],"_links":{"self":[{"href":"https:\/\/www.radiopresidenteibanez.cl\/web\/wp-json\/wp\/v2\/posts\/47951","targetHints":{"allow":["GET"]}}],"collection":[{"href":"https:\/\/www.radiopresidenteibanez.cl\/web\/wp-json\/wp\/v2\/posts"}],"about":[{"href":"https:\/\/www.radiopresidenteibanez.cl\/web\/wp-json\/wp\/v2\/types\/post"}],"author":[{"embeddable":true,"href":"https:\/\/www.radiopresidenteibanez.cl\/web\/wp-json\/wp\/v2\/users\/2"}],"replies":[{"embeddable":true,"href":"https:\/\/www.radiopresidenteibanez.cl\/web\/wp-json\/wp\/v2\/comments?post=47951"}],"version-history":[{"count":0,"href":"https:\/\/www.radiopresidenteibanez.cl\/web\/wp-json\/wp\/v2\/posts\/47951\/revisions"}],"wp:featuredmedia":[{"embeddable":true,"href":"https:\/\/www.radiopresidenteibanez.cl\/web\/wp-json\/wp\/v2\/media\/47952"}],"wp:attachment":[{"href":"https:\/\/www.radiopresidenteibanez.cl\/web\/wp-json\/wp\/v2\/media?parent=47951"}],"wp:term":[{"taxonomy":"category","embeddable":true,"href":"https:\/\/www.radiopresidenteibanez.cl\/web\/wp-json\/wp\/v2\/categories?post=47951"},{"taxonomy":"post_tag","embeddable":true,"href":"https:\/\/www.radiopresidenteibanez.cl\/web\/wp-json\/wp\/v2\/tags?post=47951"}],"curies":[{"name":"wp","href":"https:\/\/api.w.org\/{rel}","templated":true}]}}