{"id":47947,"date":"2024-04-23T11:42:00","date_gmt":"2024-04-23T14:42:00","guid":{"rendered":"https:\/\/www.radiopresidenteibanez.cl\/web\/?p=47947"},"modified":"2024-04-23T08:46:17","modified_gmt":"2024-04-23T11:46:17","slug":"asume-encargada-de-la-oficina-local-del-slep-en-ultima-esperanza","status":"publish","type":"post","link":"https:\/\/www.radiopresidenteibanez.cl\/web\/asume-encargada-de-la-oficina-local-del-slep-en-ultima-esperanza\/","title":{"rendered":"ASUME ENCARGADA DE LA OFICINA LOCAL DEL SLEP EN ULTIMA ESPERANZA"},"content":{"rendered":"\n<p>Con la tarea de gestionar respuestas oportunas a los requerimientos de las comunidades<br>educativas de la provincia asumi\u00f3 como encargada del Servicio Local de Educaci\u00f3n P\u00fablica en la<br>oficina de Puerto Natales Bianca Soto Valenzuela, quien tiene 7 a\u00f1os de experiencia en el \u00e1rea<br>cl\u00ednica y tres a\u00f1os en finanzas del Hospital Cl\u00ednico de Magallanes y en noviembre de 2023 se<br>integr\u00f3 al equipo de compras de la subdirecci\u00f3n de administraci\u00f3n y finanzas del SLEP.<br>Llega a sumarse a un equipo de seis funcionarios y funcionarias del SLEP que orientan sus tareas al<br>apoyo t\u00e9cnico pedag\u00f3gico y al mantenimiento de las escuelas. Bianca Soto se une a esta<br>comunidad con la misi\u00f3n de estar permanentemente en terreno, recorriendo los establecimientos<br>educacionales para mantener canales de comunicaci\u00f3n expeditos con los distintos actores del<br>sistema educativo.<br>De esta manera, el Servicio Local de Educaci\u00f3n P\u00fablica profundiza su presencia en las comunas de<br>Natales y Torres del Paine con un modelo de gesti\u00f3n que brindar\u00e1 soluciones \u00e1giles, desde el<br>territorio, a las necesidades de los jardines, escuelas y liceos.<br>En su primer d\u00eda en el ejercicio de estas funciones, Bianca Soto estuvo acompa\u00f1ada por el director<br>ejecutivo del SLEP Magallanes, Mario Garc\u00eda Mart\u00ednez, y el subdirector de administraci\u00f3n y<br>finanzas, Benjam\u00edn Agurto Toro.<br>La profesional indic\u00f3 que \u201cmi labor es articular los requerimientos y mantener una comunicaci\u00f3n<br>cercana para solucionar r\u00e1pidamente las necesidades, que es una demanda de los<br>establecimientos educacionales, y que se sienta un Servicio cercano a la comunidad educativa\u201d<br>Por su parte, el director ejecutivo del SLEP plante\u00f3 que \u201cen el \u00e1nimo de dar respuestas oportunas<br>y pertinencia territorial presentamos a nuestra encargada de la oficina local quien, a contar de<br>hoy, har\u00e1 la gesti\u00f3n en torno a las necesidades y requerimientos de las comunidades educativas\u201d.<br>Entre sus primeras actividades en Puerto Natales, la encargada de la oficina local se reuni\u00f3 con los<br>directores y directoras de los establecimientos educacionales de esta comuna, con la alcaldesa<br>Antonieta Oyarzo, con representantes de los sindicatos de profesionales y asistentes de la<br>educaci\u00f3n y con el equipo de la oficina local del SLEP Magallanes.<\/p>\n","protected":false},"excerpt":{"rendered":"<p>Con la tarea de gestionar respuestas oportunas a los requerimientos de las comunidadeseducativas de la provincia asumi\u00f3 como encargada del Servicio Local de Educaci\u00f3n P\u00fablica en laoficina de Puerto Natales&#8230; <a class=\"read-more\" href=\"https:\/\/www.radiopresidenteibanez.cl\/web\/asume-encargada-de-la-oficina-local-del-slep-en-ultima-esperanza\/\">Leer m\u00e1s<\/a><\/p>\n","protected":false},"author":2,"featured_media":47948,"comment_status":"closed","ping_status":"closed","sticky":false,"template":"","format":"standard","meta":{"footnotes":""},"categories":[1],"tags":[],"class_list":["post-47947","post","type-post","status-publish","format-standard","has-post-thumbnail","hentry","category-cronica"],"_links":{"self":[{"href":"https:\/\/www.radiopresidenteibanez.cl\/web\/wp-json\/wp\/v2\/posts\/47947","targetHints":{"allow":["GET"]}}],"collection":[{"href":"https:\/\/www.radiopresidenteibanez.cl\/web\/wp-json\/wp\/v2\/posts"}],"about":[{"href":"https:\/\/www.radiopresidenteibanez.cl\/web\/wp-json\/wp\/v2\/types\/post"}],"author":[{"embeddable":true,"href":"https:\/\/www.radiopresidenteibanez.cl\/web\/wp-json\/wp\/v2\/users\/2"}],"replies":[{"embeddable":true,"href":"https:\/\/www.radiopresidenteibanez.cl\/web\/wp-json\/wp\/v2\/comments?post=47947"}],"version-history":[{"count":0,"href":"https:\/\/www.radiopresidenteibanez.cl\/web\/wp-json\/wp\/v2\/posts\/47947\/revisions"}],"wp:featuredmedia":[{"embeddable":true,"href":"https:\/\/www.radiopresidenteibanez.cl\/web\/wp-json\/wp\/v2\/media\/47948"}],"wp:attachment":[{"href":"https:\/\/www.radiopresidenteibanez.cl\/web\/wp-json\/wp\/v2\/media?parent=47947"}],"wp:term":[{"taxonomy":"category","embeddable":true,"href":"https:\/\/www.radiopresidenteibanez.cl\/web\/wp-json\/wp\/v2\/categories?post=47947"},{"taxonomy":"post_tag","embeddable":true,"href":"https:\/\/www.radiopresidenteibanez.cl\/web\/wp-json\/wp\/v2\/tags?post=47947"}],"curies":[{"name":"wp","href":"https:\/\/api.w.org\/{rel}","templated":true}]}}