{"id":47932,"date":"2024-04-22T18:55:00","date_gmt":"2024-04-22T21:55:00","guid":{"rendered":"https:\/\/www.radiopresidenteibanez.cl\/web\/?p=47932"},"modified":"2024-04-22T11:30:16","modified_gmt":"2024-04-22T14:30:16","slug":"senador-alejandro-kusanovic-presento-preocupaciones-por-gestiones-del-puerto-navarino","status":"publish","type":"post","link":"https:\/\/www.radiopresidenteibanez.cl\/web\/senador-alejandro-kusanovic-presento-preocupaciones-por-gestiones-del-puerto-navarino\/","title":{"rendered":"SENADOR ALEJANDRO KUSANOVIC PRESENTO PREOCUPACIONES POR GESTIONES DEL PUERTO NAVARINO"},"content":{"rendered":"\n<p>Una extenso periplo ha debido atravesar la puesta en marcha de la rampa y un atracadero en Puerto Navarino, cuya habilitaci\u00f3n podr\u00eda para reactivar la navegaci\u00f3n tur\u00edstica del canal Beagle, permitiendo el tr\u00e1nsito entre ambas orillas, tanto por transbordadores como en zodiac y conectar con la esperada ruta a Yendegaia, cuando esta concluya.<\/p>\n\n\n\n<p><br>Sin embargo, su entrega se ha visto retrasada requiriendo permisos adicionales, por lo que en noviembre pasado fue necesario solicitar una extensi\u00f3n del plazo para finalizar las obras y modificar su prop\u00f3sito para que tambi\u00e9n pueda servir como punto de atraque para el embarque y desembarque de pasajeros, lo que no estaba contemplado en su funci\u00f3n original. Modificaciones que finalmente requieren la aprobaci\u00f3n de la Autoridad Mar\u00edtima para la operaci\u00f3n de naves en la rampa.<\/p>\n\n\n\n<p><br>Ante esta situaci\u00f3n y para acelerar los tr\u00e1mites, el senador Alejandro Kusanovic ha realizado diversas gestiones con las autoridades competentes. As\u00ed fue como en el mes de marzo se reuni\u00f3 con el Director Nacional de Obras Portuarias, Ricardo Trigo, para que el MOP proporcione la informaci\u00f3n necesaria para que la solicitud sea aprobada sin percances, instancia ademas, en la cual aprovecho de revisar junto a la autoridad nacional las estrategias de inversi\u00f3n e infraestructura en la regi\u00f3n.<\/p>\n\n\n\n<p><br>As\u00ed mismo, seg\u00fan trascendidos del parlamentario, le plante\u00f3 este tema a la Ministra de Defensa, Maya Fern\u00e1ndez, solicitando mayor proactividad de la Autoridad Mar\u00edtima en la emisi\u00f3n del informe t\u00e9cnico, que habilitar\u00eda su uso para el desembarco de pasajeros a un costado de la rampa y as\u00ed tener operando el embarcadero antes que comience la pr\u00f3xima temporada de turismo.<\/p>\n\n\n\n<p><br>Tras las gestiones realizadas, Kusanovic valoro la acogida que tuvieron sus peticiones, se\u00f1alando que \u201cesto se podr\u00eda haber alargado m\u00e1s de dos a\u00f1os, pero gracias a nuestra insistencia se advirti\u00f3 el problema a tiempo y se logro corregir. Si le dan prioridad, la rampa podr\u00eda contar con autorizaci\u00f3n para funcionar antes de octubre, lo que ser\u00eda muy positivo para la isla, ya que este embarcadero es clave para el desarrollo de la comuna de Cabo de Hornos y un punto geopol\u00edtico estrat\u00e9gico para nuestra soberan\u00eda nacional\u201d concluyo el parlamentario.<\/p>\n","protected":false},"excerpt":{"rendered":"<p>Una extenso periplo ha debido atravesar la puesta en marcha de la rampa y un atracadero en Puerto Navarino, cuya habilitaci\u00f3n podr\u00eda para reactivar la navegaci\u00f3n tur\u00edstica del canal Beagle,&#8230; <a class=\"read-more\" href=\"https:\/\/www.radiopresidenteibanez.cl\/web\/senador-alejandro-kusanovic-presento-preocupaciones-por-gestiones-del-puerto-navarino\/\">Leer m\u00e1s<\/a><\/p>\n","protected":false},"author":2,"featured_media":47933,"comment_status":"closed","ping_status":"closed","sticky":false,"template":"","format":"standard","meta":{"footnotes":""},"categories":[1],"tags":[],"class_list":["post-47932","post","type-post","status-publish","format-standard","has-post-thumbnail","hentry","category-cronica"],"_links":{"self":[{"href":"https:\/\/www.radiopresidenteibanez.cl\/web\/wp-json\/wp\/v2\/posts\/47932","targetHints":{"allow":["GET"]}}],"collection":[{"href":"https:\/\/www.radiopresidenteibanez.cl\/web\/wp-json\/wp\/v2\/posts"}],"about":[{"href":"https:\/\/www.radiopresidenteibanez.cl\/web\/wp-json\/wp\/v2\/types\/post"}],"author":[{"embeddable":true,"href":"https:\/\/www.radiopresidenteibanez.cl\/web\/wp-json\/wp\/v2\/users\/2"}],"replies":[{"embeddable":true,"href":"https:\/\/www.radiopresidenteibanez.cl\/web\/wp-json\/wp\/v2\/comments?post=47932"}],"version-history":[{"count":0,"href":"https:\/\/www.radiopresidenteibanez.cl\/web\/wp-json\/wp\/v2\/posts\/47932\/revisions"}],"wp:featuredmedia":[{"embeddable":true,"href":"https:\/\/www.radiopresidenteibanez.cl\/web\/wp-json\/wp\/v2\/media\/47933"}],"wp:attachment":[{"href":"https:\/\/www.radiopresidenteibanez.cl\/web\/wp-json\/wp\/v2\/media?parent=47932"}],"wp:term":[{"taxonomy":"category","embeddable":true,"href":"https:\/\/www.radiopresidenteibanez.cl\/web\/wp-json\/wp\/v2\/categories?post=47932"},{"taxonomy":"post_tag","embeddable":true,"href":"https:\/\/www.radiopresidenteibanez.cl\/web\/wp-json\/wp\/v2\/tags?post=47932"}],"curies":[{"name":"wp","href":"https:\/\/api.w.org\/{rel}","templated":true}]}}