{"id":47923,"date":"2024-04-22T15:39:00","date_gmt":"2024-04-22T18:39:00","guid":{"rendered":"https:\/\/www.radiopresidenteibanez.cl\/web\/?p=47923"},"modified":"2024-04-22T10:18:05","modified_gmt":"2024-04-22T13:18:05","slug":"inia-kampenaike-concluye-programa-de-capacitacion-para-agricultura-sustentable-en-magallanes","status":"publish","type":"post","link":"https:\/\/www.radiopresidenteibanez.cl\/web\/inia-kampenaike-concluye-programa-de-capacitacion-para-agricultura-sustentable-en-magallanes\/","title":{"rendered":"INIA KAMPENAIKE CONCLUYE PROGRAMA DE CAPACITACION PARA AGRICULTURA SUSTENTABLE  EN MAGALLANES"},"content":{"rendered":"\n<p>El Instituto de Investigaciones Agropecuarias (INIA) llev\u00f3 a cabo el seminario de cierre del programa \u00abCapacitaci\u00f3n en t\u00e9cnicas de agricultura sustentable para peque\u00f1os agricultores de la regi\u00f3n de Magallanes\u201d, el cual benefici\u00f3 a cerca del 80% de los agricultores de la regi\u00f3n. En el evento, se reunieron expertos y agricultores locales para destacar los logros alcanzados y el impacto positivo en la regi\u00f3n.<\/p>\n\n\n\n<p>La actividad marc\u00f3 el cierre del programa financiado por el Fondo de Desarrollo de Magallanes (FONDEMA), el cual, en un plan de trabajo de m\u00e1s de 3 a\u00f1os de duraci\u00f3n, busc\u00f3 promover la productividad y sostenibilidad en la agricultura regional, a trav\u00e9s de la formaci\u00f3n y entrega de conocimiento para la adopci\u00f3n de pr\u00e1cticas agroecol\u00f3gicas.<\/p>\n\n\n\n<p>&nbsp;\u201cEn resumen, este programa realiz\u00f3 86 talleres en nueve comunas de la regi\u00f3n y llegamos a cerca de 1100 personas a trav\u00e9s de actividades pr\u00e1cticas. Adem\u00e1s, cerca de 500 personas visitaron nuestros faros en d\u00edas de campo, y desarrollamos capacitaciones online durante la \u00e9poca de COVID que nos permiti\u00f3 llegar a cerca de 850 personas que no necesariamente estaban vinculadas con nuestra instituci\u00f3n previamente\u201d, subray\u00f3 la investigadora de INIA y coordinadora del programa, Claudia Mc Leod.<\/p>\n\n\n\n<p>El programa se enfoc\u00f3 en transferir a los agricultores mayores herramientas para los procesos de transici\u00f3n, por medio de diversas actividades como d\u00edas de campo, talleres, trabajos colaborativos y seminarios.<\/p>\n\n\n\n<p>Todas las pr\u00e1cticas impartidas, fueron previamente evaluadas y validadas sobre cultivos de importancia econ\u00f3mica local, en los faros agroecol\u00f3gicos administrados por INIA.<\/p>\n\n\n\n<p>\u201cLos faros agroecol\u00f3gicos se consolidaron como unidades de validaci\u00f3n, encuentro y educaci\u00f3n de los agricultores. En ellos se trabaja a escala real de un huerto, se adaptan los procesos, para luego realizar la transferencia a los participantes\u201d, sostuvo Claudia Mc Leod.<\/p>\n\n\n\n<p>En el evento se destac\u00f3 el trabajo y compromiso de tres agricultoras de Porvenir, Punta Arenas y Puerto Natales, por su activa participaci\u00f3n en el programa. En este sentido, una de las agricultoras destacadas, Orita Teca, se\u00f1al\u00f3 la importancia de este tipo de iniciativas para generar conocimientos que aporten en la productividad.<\/p>\n\n\n\n<p>\u201cEl programa de INIA tuvo muchos talleres, de bancales profundos, de compost, de Bokashi, de distintas herramientas que nos entregaron, para poder nosotros aplicarlos dentro de nuestros predios. Estoy muy contenta y feliz de haber participado en este programa, no me perd\u00ed casi ning\u00fan taller porque cada vez hab\u00eda un aprendizaje y uno aprend\u00eda m\u00e1s\u201d, sostuvo.<\/p>\n\n\n\n<p>Una de las exposiciones de este seminario fue la que describi\u00f3 el proyecto Semilla Austral, iniciativa que a trav\u00e9s de la metodolog\u00eda del Dragon Dreaming, regenerativa y con foco en un trabajo colaborativo con agricultores\/as busca la valorizaci\u00f3n, reproducci\u00f3n y recirculaci\u00f3n de las semillas y los saberes campesinos tradicionales. En este sentido, Tatiana Romero expositora invitada, resalt\u00f3 la pertinencia del seminario.<\/p>\n\n\n\n<p>\u201cCreo que la agricultura est\u00e1 en un momento de transici\u00f3n, estamos en un cambio de paradigma de la forma en que realizamos la agricultura. Por ende, que existan instancias donde se compartan distintas experiencias y&nbsp;conocimientos, en donde paradigmas tradicionales de los rendimientos, del manejo de plagas, de la historia agr\u00edcola van cayendo y vamos conociendo. Nos hemos dado cuenta que las t\u00e9cnicas agroecol\u00f3gicas tienen un gran efecto en la salud de nuestros suelos, de nuestros alimentos y de nosotros mismos\u00bb.<\/p>\n\n\n\n<p>&nbsp;La informaci\u00f3n t\u00e9cnica elaborada se encuentra disponible en la biblioteca y canal de Youtube de INIA.<\/p>\n","protected":false},"excerpt":{"rendered":"<p>El Instituto de Investigaciones Agropecuarias (INIA) llev\u00f3 a cabo el seminario de cierre del programa \u00abCapacitaci\u00f3n en t\u00e9cnicas de agricultura sustentable para peque\u00f1os agricultores de la regi\u00f3n de Magallanes\u201d, el&#8230; <a class=\"read-more\" href=\"https:\/\/www.radiopresidenteibanez.cl\/web\/inia-kampenaike-concluye-programa-de-capacitacion-para-agricultura-sustentable-en-magallanes\/\">Leer m\u00e1s<\/a><\/p>\n","protected":false},"author":2,"featured_media":47924,"comment_status":"closed","ping_status":"closed","sticky":false,"template":"","format":"standard","meta":{"footnotes":""},"categories":[1],"tags":[],"class_list":["post-47923","post","type-post","status-publish","format-standard","has-post-thumbnail","hentry","category-cronica"],"_links":{"self":[{"href":"https:\/\/www.radiopresidenteibanez.cl\/web\/wp-json\/wp\/v2\/posts\/47923","targetHints":{"allow":["GET"]}}],"collection":[{"href":"https:\/\/www.radiopresidenteibanez.cl\/web\/wp-json\/wp\/v2\/posts"}],"about":[{"href":"https:\/\/www.radiopresidenteibanez.cl\/web\/wp-json\/wp\/v2\/types\/post"}],"author":[{"embeddable":true,"href":"https:\/\/www.radiopresidenteibanez.cl\/web\/wp-json\/wp\/v2\/users\/2"}],"replies":[{"embeddable":true,"href":"https:\/\/www.radiopresidenteibanez.cl\/web\/wp-json\/wp\/v2\/comments?post=47923"}],"version-history":[{"count":0,"href":"https:\/\/www.radiopresidenteibanez.cl\/web\/wp-json\/wp\/v2\/posts\/47923\/revisions"}],"wp:featuredmedia":[{"embeddable":true,"href":"https:\/\/www.radiopresidenteibanez.cl\/web\/wp-json\/wp\/v2\/media\/47924"}],"wp:attachment":[{"href":"https:\/\/www.radiopresidenteibanez.cl\/web\/wp-json\/wp\/v2\/media?parent=47923"}],"wp:term":[{"taxonomy":"category","embeddable":true,"href":"https:\/\/www.radiopresidenteibanez.cl\/web\/wp-json\/wp\/v2\/categories?post=47923"},{"taxonomy":"post_tag","embeddable":true,"href":"https:\/\/www.radiopresidenteibanez.cl\/web\/wp-json\/wp\/v2\/tags?post=47923"}],"curies":[{"name":"wp","href":"https:\/\/api.w.org\/{rel}","templated":true}]}}