{"id":4792,"date":"2019-06-04T19:30:54","date_gmt":"2019-06-04T19:30:54","guid":{"rendered":"http:\/\/www.radiopresidenteibanez.cl\/web\/?p=4792"},"modified":"2019-06-05T14:17:57","modified_gmt":"2019-06-05T14:17:57","slug":"en-el-marco-del-dia-mundial-del-medio-ambiente-aguas-magallanes-se-suma-con-actividades-educativas-y-procesos-sustentables","status":"publish","type":"post","link":"https:\/\/www.radiopresidenteibanez.cl\/web\/en-el-marco-del-dia-mundial-del-medio-ambiente-aguas-magallanes-se-suma-con-actividades-educativas-y-procesos-sustentables\/","title":{"rendered":"EN EL MARCO DEL D\u00cdA MUNDIAL DEL MEDIO AMBIENTE: AGUAS MAGALLANES SE SUMA CON ACTIVIDADES EDUCATIVAS Y PROCESOS SUSTENTABLES"},"content":{"rendered":"\n<p>Este mi\u00e9rcoles 5 de junio se celebra a nivel planetario el d\u00eda mundial del medio ambiente y en ese contexto, Aguas Magallanes reafirm\u00f3 su permanente compromiso con la tarea de contribuir tanto desde sus procesos: reduciendo la huella de carbono, incorporando el reciclaje de papel, y de sacos de productos qu\u00edmicos, entre otros, como as\u00ed tambi\u00e9n en la entrega desde temprana edad, en establecimientos educacionales como colegios y jardines infantiles, informaci\u00f3n que aporte a concientizar sobre la importancia de un uso responsable del recurso h\u00eddrico.<\/p>\n\n\n\n<p>\u201cLa experiencia de interactuar con estudiantes del primer ciclo b\u00e1sico, sus preguntas, comentarios y compromiso con el cuidado de los recursos naturales es muy gratificante, por ello, conscientes de la relevancia que implica educar e informar, hemos potenciado nuestras charlas educativas en establecimientos educaciones, adem\u00e1s de continuar con las visitas guiadas a nuestras instalaciones\u201d, destac\u00f3 su gerente regional, Christian Adema Galetovic.<\/p>\n\n\n\n<p>Uno de los aspectos relevantes en la tarea del cuidado del medio ambiente, ha sido la disposici\u00f3n final de lodos en la provincia de \u00daltima Esperanza. El agua que se consume en los hogares es recolectada hacia las plantas de tratamiento de aguas servidas, para someterse a diversos procesos de depuraci\u00f3n, previo a ser dispuesta al medio ambiente sin da\u00f1arlo, de acuerdo a lo exigido por la autoridad.<\/p>\n\n\n\n<p>Como resultado de esos procedimientos de las aguas servidas, se producen lodos, que consiste en una mezcla de agua y s\u00f3lidos, generados a trav\u00e9s de un proceso biol\u00f3gico en una unidad dise\u00f1ada para tal efecto. Los bios\u00f3lidos poseen gran cantidad de nutrientes, caracter\u00edstica que lo hace muy beneficioso para los suelos utilizados en agricultura. Gracias a este procedimiento, Aguas Magallanes destina el 100% de los bios\u00f3lidos que produce, a la aplicaci\u00f3n ben\u00e9fica de suelos degradados, y anteriormente el 100% llegaba finalmente a los vertederos.<\/p>\n\n\n\n<p>Finalmente Adema Galetovic, hizo un llamado a cuidar el planeta, no solo durante fechas especiales, si no que durante todo el a\u00f1o y en cada acci\u00f3n que desarrollemos en los diversos quehaceres de la vida cotidiana.<\/p>\n\n\n\n<figure class=\"wp-block-image\"><img loading=\"lazy\" decoding=\"async\" width=\"800\" height=\"633\" src=\"https:\/\/www.radiopresidenteibanez.cl\/web\/wp-content\/uploads\/2019\/06\/DSC_0934.jpg\" alt=\"\" class=\"wp-image-4793\" srcset=\"https:\/\/www.radiopresidenteibanez.cl\/web\/wp-content\/uploads\/2019\/06\/DSC_0934.jpg 800w, https:\/\/www.radiopresidenteibanez.cl\/web\/wp-content\/uploads\/2019\/06\/DSC_0934-300x237.jpg 300w, https:\/\/www.radiopresidenteibanez.cl\/web\/wp-content\/uploads\/2019\/06\/DSC_0934-768x608.jpg 768w\" sizes=\"auto, (max-width: 800px) 100vw, 800px\" \/><figcaption>????????????????????????????????????<\/figcaption><\/figure>\n","protected":false},"excerpt":{"rendered":"<p>Este mi\u00e9rcoles 5 de junio se celebra a nivel planetario el d\u00eda mundial del medio ambiente y en ese contexto, Aguas Magallanes reafirm\u00f3 su permanente compromiso con la tarea de&#8230; <a class=\"read-more\" href=\"https:\/\/www.radiopresidenteibanez.cl\/web\/en-el-marco-del-dia-mundial-del-medio-ambiente-aguas-magallanes-se-suma-con-actividades-educativas-y-procesos-sustentables\/\">Leer m\u00e1s<\/a><\/p>\n","protected":false},"author":2,"featured_media":4793,"comment_status":"closed","ping_status":"closed","sticky":false,"template":"","format":"standard","meta":{"footnotes":""},"categories":[1],"tags":[],"class_list":["post-4792","post","type-post","status-publish","format-standard","has-post-thumbnail","hentry","category-cronica"],"_links":{"self":[{"href":"https:\/\/www.radiopresidenteibanez.cl\/web\/wp-json\/wp\/v2\/posts\/4792","targetHints":{"allow":["GET"]}}],"collection":[{"href":"https:\/\/www.radiopresidenteibanez.cl\/web\/wp-json\/wp\/v2\/posts"}],"about":[{"href":"https:\/\/www.radiopresidenteibanez.cl\/web\/wp-json\/wp\/v2\/types\/post"}],"author":[{"embeddable":true,"href":"https:\/\/www.radiopresidenteibanez.cl\/web\/wp-json\/wp\/v2\/users\/2"}],"replies":[{"embeddable":true,"href":"https:\/\/www.radiopresidenteibanez.cl\/web\/wp-json\/wp\/v2\/comments?post=4792"}],"version-history":[{"count":0,"href":"https:\/\/www.radiopresidenteibanez.cl\/web\/wp-json\/wp\/v2\/posts\/4792\/revisions"}],"wp:featuredmedia":[{"embeddable":true,"href":"https:\/\/www.radiopresidenteibanez.cl\/web\/wp-json\/wp\/v2\/media\/4793"}],"wp:attachment":[{"href":"https:\/\/www.radiopresidenteibanez.cl\/web\/wp-json\/wp\/v2\/media?parent=4792"}],"wp:term":[{"taxonomy":"category","embeddable":true,"href":"https:\/\/www.radiopresidenteibanez.cl\/web\/wp-json\/wp\/v2\/categories?post=4792"},{"taxonomy":"post_tag","embeddable":true,"href":"https:\/\/www.radiopresidenteibanez.cl\/web\/wp-json\/wp\/v2\/tags?post=4792"}],"curies":[{"name":"wp","href":"https:\/\/api.w.org\/{rel}","templated":true}]}}