{"id":479,"date":"2019-01-15T17:13:13","date_gmt":"2019-01-15T17:13:13","guid":{"rendered":"http:\/\/www.radiopresidenteibanez.cl\/web\/?p=479"},"modified":"2019-01-15T17:17:34","modified_gmt":"2019-01-15T17:17:34","slug":"si-existen-primarias-para-elegir-la-candidata-o-candidato-a-la-alcaldia-me-presentare-fueron-las-palabras-de-la-actual-concejala-por-punta-arenas-veronica-aguilar","status":"publish","type":"post","link":"https:\/\/www.radiopresidenteibanez.cl\/web\/si-existen-primarias-para-elegir-la-candidata-o-candidato-a-la-alcaldia-me-presentare-fueron-las-palabras-de-la-actual-concejala-por-punta-arenas-veronica-aguilar\/","title":{"rendered":"\u201cSI EXISTEN PRIMARIAS PARA ELEGIR LA CANDIDATA O CANDIDATO A LA ALCALD\u00cdA, ME PRESENTAR\u00c9\u201d, FUERON LAS PALABRAS DE LA ACTUAL CONCEJALA POR PUNTA ARENAS VER\u00d3NICA AGUILAR"},"content":{"rendered":"\n<p>En el programa \u201cTiempo Libre\u201d\nconducido por Cristofer Hern\u00e1ndez, la concejala por Punta Arenas abord\u00f3\ndiferentes tem\u00e1ticas del acontecer nacional y comunal, en la ocasi\u00f3n tambi\u00e9n se\npronunci\u00f3 sobre la no renovaci\u00f3n de patente para el local \u201cEl Arriero\u201d, ubicado\nen Avenida Bulnes, quien manten\u00eda denuncias por ruidos molestos y fiestas con\nhorarios extensos.<\/p>\n\n\n\n<p>Al finalizar la entrevista, se le realiz\u00f3 la consulta a Ver\u00f3nica Aguilar, sobre cual ser\u00eda su futuro en la pol\u00edtica comunal, en este sentido la concejala explic\u00f3 que \u201cser\u00eda ideal volver a postular al concejo municipal, para seguir trabajando en algunas cosas que sin duda quedar\u00e1n pendientes, pero tambi\u00e9n se me consult\u00f3 si quer\u00eda ser candidata a la alcald\u00eda, y manifest\u00e9 que si exist\u00eda una primaria sin duda me presentar\u00e9, pero solo por medio de primaria en la actual oposici\u00f3n\u201d.<\/p>\n\n\n\n<figure class=\"wp-block-audio\"><audio controls src=\"https:\/\/www.radiopresidenteibanez.cl\/web\/wp-content\/uploads\/2019\/01\/VERONICA-AGUILAR.mp3\"><\/audio><figcaption>Ver\u00f3nica Aguilar se refiere a su postulaci\u00f3n a la alcald\u00eda de Punta Arenas<\/figcaption><\/figure>\n\n\n\n<p><\/p>\n","protected":false},"excerpt":{"rendered":"<p>En el programa \u201cTiempo Libre\u201d conducido por Cristofer Hern\u00e1ndez, la concejala por Punta Arenas abord\u00f3 diferentes tem\u00e1ticas del acontecer nacional y comunal, en la ocasi\u00f3n tambi\u00e9n se pronunci\u00f3 sobre la&#8230; <a class=\"read-more\" href=\"https:\/\/www.radiopresidenteibanez.cl\/web\/si-existen-primarias-para-elegir-la-candidata-o-candidato-a-la-alcaldia-me-presentare-fueron-las-palabras-de-la-actual-concejala-por-punta-arenas-veronica-aguilar\/\">Leer m\u00e1s<\/a><\/p>\n","protected":false},"author":2,"featured_media":481,"comment_status":"closed","ping_status":"closed","sticky":false,"template":"","format":"standard","meta":{"footnotes":""},"categories":[5],"tags":[],"class_list":["post-479","post","type-post","status-publish","format-standard","has-post-thumbnail","hentry","category-politica"],"_links":{"self":[{"href":"https:\/\/www.radiopresidenteibanez.cl\/web\/wp-json\/wp\/v2\/posts\/479","targetHints":{"allow":["GET"]}}],"collection":[{"href":"https:\/\/www.radiopresidenteibanez.cl\/web\/wp-json\/wp\/v2\/posts"}],"about":[{"href":"https:\/\/www.radiopresidenteibanez.cl\/web\/wp-json\/wp\/v2\/types\/post"}],"author":[{"embeddable":true,"href":"https:\/\/www.radiopresidenteibanez.cl\/web\/wp-json\/wp\/v2\/users\/2"}],"replies":[{"embeddable":true,"href":"https:\/\/www.radiopresidenteibanez.cl\/web\/wp-json\/wp\/v2\/comments?post=479"}],"version-history":[{"count":0,"href":"https:\/\/www.radiopresidenteibanez.cl\/web\/wp-json\/wp\/v2\/posts\/479\/revisions"}],"wp:featuredmedia":[{"embeddable":true,"href":"https:\/\/www.radiopresidenteibanez.cl\/web\/wp-json\/wp\/v2\/media\/481"}],"wp:attachment":[{"href":"https:\/\/www.radiopresidenteibanez.cl\/web\/wp-json\/wp\/v2\/media?parent=479"}],"wp:term":[{"taxonomy":"category","embeddable":true,"href":"https:\/\/www.radiopresidenteibanez.cl\/web\/wp-json\/wp\/v2\/categories?post=479"},{"taxonomy":"post_tag","embeddable":true,"href":"https:\/\/www.radiopresidenteibanez.cl\/web\/wp-json\/wp\/v2\/tags?post=479"}],"curies":[{"name":"wp","href":"https:\/\/api.w.org\/{rel}","templated":true}]}}