{"id":4785,"date":"2019-06-04T12:53:33","date_gmt":"2019-06-04T12:53:33","guid":{"rendered":"http:\/\/www.radiopresidenteibanez.cl\/web\/?p=4785"},"modified":"2019-06-04T12:54:14","modified_gmt":"2019-06-04T12:54:14","slug":"30-por-ciento-de-avance-presenta-construccion-de-centro-subantartico","status":"publish","type":"post","link":"https:\/\/www.radiopresidenteibanez.cl\/web\/30-por-ciento-de-avance-presenta-construccion-de-centro-subantartico\/","title":{"rendered":"30 POR CIENTO DE AVANCE PRESENTA CONSTRUCCI\u00d3N DE CENTRO SUBANT\u00c1RTICO"},"content":{"rendered":"\n<p>Comienza a\nser una realidad el anhelado Centro Subant\u00e1rtico que se construye en Puerto\nWilliams, proyecto enmarcado en el Plan de Zonas Extremas, que considera un\nedificio ic\u00f3nico con una superficie de 2.581 m2 construidos.<\/p>\n\n\n\n<p>La\niniciativa, que presenta un 30 por ciento de avance, estar\u00e1 destinada a\nfortalecer tres l\u00edneas principales de acci\u00f3n:<\/p>\n\n\n\n<p>Centro de Visitantes. (\u00c1reas\nComunit\u00e1rias): Auditorio para eventos, exposiciones y\nproyecciones audiovisuales, biblioteca, cafeter\u00eda, hall de exhibiciones, y\ntechos verdes con jardines, vista del canal Beagle, la Cordillera Darwin y el\npaisaje terrestre y marino subant\u00e1rtico.<\/p>\n\n\n\n<p>Centro de Educaci\u00f3n:\nSalas de clases, sala de profesores, sala de estudios con equipos de\ncomputaci\u00f3n que incluir\u00e1n laboratorios para an\u00e1lisis de muestras Biol\u00f3gicas de\nPlantas, y Laboratorios de Cocina.<\/p>\n\n\n\n<p>Centro Cient\u00edfico:\nCentro Cient\u00edfico a nivel mundial que consolida con esta infraestructura un\nprograma cient\u00edfico de excelencia a nivel regional, nacional e internacional.\nLa construcci\u00f3n incluir\u00e1 laboratorios h\u00famedo y seco, bodegas, sala de estudios,\noficinas y dormitorios para estad\u00eda temporal de cient\u00edficos.<\/p>\n\n\n\n<p>Como inform\u00f3\nel Seremi de Obras P\u00fablicas, Pablo Rendoll, el proyecto tambi\u00e9n considera la\nejecuci\u00f3n de obras exteriores como aceras y escaleras de acceso peatonal,\ncalzada de acceso vehicular, muros de contenci\u00f3n, senderos y paisajismo.<\/p>\n\n\n\n<p>A\u00f1adi\u00f3 la autoridad que la iniciativa, permitir\u00e1 implementar la infraestructura adecuada para llevar a cabo los futuros programas de educaci\u00f3n, capacitaci\u00f3n, extensi\u00f3n y difusi\u00f3n de la investigaci\u00f3n y monitoreo en la eco-regi\u00f3n subant\u00e1rtica de Magallanes.<\/p>\n\n\n\n<figure class=\"wp-block-image\"><img loading=\"lazy\" decoding=\"async\" width=\"900\" height=\"506\" src=\"https:\/\/www.radiopresidenteibanez.cl\/web\/wp-content\/uploads\/2019\/06\/centro-subantartico-mayo-2019.jpg\" alt=\"\" class=\"wp-image-4786\" srcset=\"https:\/\/www.radiopresidenteibanez.cl\/web\/wp-content\/uploads\/2019\/06\/centro-subantartico-mayo-2019.jpg 900w, https:\/\/www.radiopresidenteibanez.cl\/web\/wp-content\/uploads\/2019\/06\/centro-subantartico-mayo-2019-300x169.jpg 300w, https:\/\/www.radiopresidenteibanez.cl\/web\/wp-content\/uploads\/2019\/06\/centro-subantartico-mayo-2019-768x432.jpg 768w\" sizes=\"auto, (max-width: 900px) 100vw, 900px\" \/><\/figure>\n","protected":false},"excerpt":{"rendered":"<p>Comienza a ser una realidad el anhelado Centro Subant\u00e1rtico que se construye en Puerto Williams, proyecto enmarcado en el Plan de Zonas Extremas, que considera un edificio ic\u00f3nico con una&#8230; <a class=\"read-more\" href=\"https:\/\/www.radiopresidenteibanez.cl\/web\/30-por-ciento-de-avance-presenta-construccion-de-centro-subantartico\/\">Leer m\u00e1s<\/a><\/p>\n","protected":false},"author":2,"featured_media":4786,"comment_status":"closed","ping_status":"closed","sticky":false,"template":"","format":"standard","meta":{"footnotes":""},"categories":[1],"tags":[],"class_list":["post-4785","post","type-post","status-publish","format-standard","has-post-thumbnail","hentry","category-cronica"],"_links":{"self":[{"href":"https:\/\/www.radiopresidenteibanez.cl\/web\/wp-json\/wp\/v2\/posts\/4785","targetHints":{"allow":["GET"]}}],"collection":[{"href":"https:\/\/www.radiopresidenteibanez.cl\/web\/wp-json\/wp\/v2\/posts"}],"about":[{"href":"https:\/\/www.radiopresidenteibanez.cl\/web\/wp-json\/wp\/v2\/types\/post"}],"author":[{"embeddable":true,"href":"https:\/\/www.radiopresidenteibanez.cl\/web\/wp-json\/wp\/v2\/users\/2"}],"replies":[{"embeddable":true,"href":"https:\/\/www.radiopresidenteibanez.cl\/web\/wp-json\/wp\/v2\/comments?post=4785"}],"version-history":[{"count":0,"href":"https:\/\/www.radiopresidenteibanez.cl\/web\/wp-json\/wp\/v2\/posts\/4785\/revisions"}],"wp:featuredmedia":[{"embeddable":true,"href":"https:\/\/www.radiopresidenteibanez.cl\/web\/wp-json\/wp\/v2\/media\/4786"}],"wp:attachment":[{"href":"https:\/\/www.radiopresidenteibanez.cl\/web\/wp-json\/wp\/v2\/media?parent=4785"}],"wp:term":[{"taxonomy":"category","embeddable":true,"href":"https:\/\/www.radiopresidenteibanez.cl\/web\/wp-json\/wp\/v2\/categories?post=4785"},{"taxonomy":"post_tag","embeddable":true,"href":"https:\/\/www.radiopresidenteibanez.cl\/web\/wp-json\/wp\/v2\/tags?post=4785"}],"curies":[{"name":"wp","href":"https:\/\/api.w.org\/{rel}","templated":true}]}}