{"id":47844,"date":"2024-04-19T08:20:00","date_gmt":"2024-04-19T11:20:00","guid":{"rendered":"https:\/\/www.radiopresidenteibanez.cl\/web\/?p=47844"},"modified":"2024-04-19T07:59:38","modified_gmt":"2024-04-19T10:59:38","slug":"senama-magallanes-lanza-fondo-con-mas-de-74-millones-de-pesos-para-financiar-proyectos-de-organizaciones-de-mayores","status":"publish","type":"post","link":"https:\/\/www.radiopresidenteibanez.cl\/web\/senama-magallanes-lanza-fondo-con-mas-de-74-millones-de-pesos-para-financiar-proyectos-de-organizaciones-de-mayores\/","title":{"rendered":"SENAMA MAGALLANES LANZA FONDO CON M\u00c1S DE 74 MILLONES DE PESOS PARA FINANCIAR PROYECTOS DE ORGANIZACIONES DE MAYORES"},"content":{"rendered":"\n<p>Desarrollar actividades productivas, comprar nueva indumentaria o concretar ese esperado viaje<br>son s\u00f3lo algunos de los proyectos que las organizaciones de personas mayores pueden postular<br>este a\u00f1o al Fondo Nacional del Adulto Mayor, que impulsa el Servicio Nacional del Adulto Mayor<br>(SENAMA), en su l\u00ednea Autogestionados.<br>M\u00e1s de un centenar de personas mayores participaron de la ceremonia de lanzamiento de este<br>fondo concursable, la cual estuvo encabezada por el Delegado Presidencial Regional Jos\u00e9 Ruiz<br>Pivcevic, el Seremi de Desarrollo Social y Familia Danilo Mimica Mancilla y el Coordinador Regional<br>de SENAMA, Nicol\u00e1s Soto C\u00e1rdenas. Adem\u00e1s, de manera remota, estuvieron presentes las<br>Delegaciones Presidenciales Provinciales de Tierra del Fuego, \u00daltima Esperanza y Ant\u00e1rtica,<br>quienes durante la ceremonia firmaron un convenio de colaboraci\u00f3n con SENAMA para apoyar el<br>procesos en sus provincias.<br>Para este a\u00f1o, el Fondo Nacional del Adulto Mayor permitir\u00e1n financiar las iniciativas de las<br>organizaciones y clubes de personas mayores en \u00e1mbitos como voluntariado, vida saludable,<br>fortalecimiento institucional, habilitaci\u00f3n y\/o equipamiento, actividades que transforman vidas,<br>alfabetizaci\u00f3n digital y recreaci\u00f3n.<br>El Delegado Presidencial Regional, Jos\u00e9 Ruiz Pivcevic destac\u00f3 que para este a\u00f1o hay un aumento<br>en los recursos de este fondo \u201ca diferencia del a\u00f1o anterior, donde se adjudicaron en la regi\u00f3n de<br>Magallanes 42 millones de pesos, para este a\u00f1o hay un presupuesto de 74 millones de pesos para<br>ser utilizados en proyectos de distintas \u00edndoles recreativos, de vida saludable, de equipamiento<br>para alg\u00fan tipo de sede, viajes\u201d Agreg\u00f3 que \u201cComo gobierno del Presidente Gabriel Boric tenemos<br>un compromiso de no dejar a nadie atr\u00e1s, y en el caso de las personas mayores fortalecer su<br>autonom\u00eda, por lo mismo adem\u00e1s aprovecho esta instancia hacemos un llamado no s\u00f3lo a la<br>postulaci\u00f3n del fondo, sino tambi\u00e9n a estar muy atento a un debate relevante para las personas<br>mayores como lo es la reforma de pensiones\u201d<\/p>\n\n\n\n<p>El Coordinador Regional de SENAMA, Nicol\u00e1s Soto C\u00e1rdenas destac\u00f3 que \u201cel Fondo Nacional del<br>Adulto Mayor forma parte de las pol\u00edticas del Gobierno del Presidente Gabriel Boric para favorecer<br>la integraci\u00f3n social de las personas mayores, a trav\u00e9s de acciones de apoyo que desarrollen su<br>capacidad de autogesti\u00f3n y asociatividad en el marco del respeto por sus derechos. Esta iniciativa<br>emblem\u00e1tica de SENAMA contribuye a promover el envejecimiento digno, activo y saludable,<br>adem\u00e1s de conectar a las personas mayores con sus pares y con las redes de apoyo local, d\u00e1ndole<br>un nuevo sentido a esta etapa de la vida\u201d.<br>La actividad cont\u00f3 con la presencia de dirigentes de agrupaciones y clubes de mayores de Punta<br>Arenas, quienes manifestaron sus deseos de participar nuevamente este a\u00f1o. Uno de ellos es<br>Miguel Barr\u00eda, presidente del club de adultos mayores \u201cDulces Sue\u00f1os\u201d quien indic\u00f3 que \u201cel a\u00f1o<br>2023 nos adjudicamos el proyecto de manualidades para nuestro club en el que participan 16<br>personas. Estamos muy agradecidos de haber obtenido ese proyecto, agradecidos de SENAMA.<br>Me gustar\u00eda invitar para que todos participemos este a\u00f1o 2024 de este proyecto. Para que<br>tengamos nuevas oportunidades de compartir, de trabajar, de reunirnos\u201d<br>En tanto Teresa Nancuante, quien es presidenta hace 22 a\u00f1os del club de personas mayores<br>\u201cSanta Bernardita\u201d destac\u00f3 el fondo nacional del adulto mayor como una gran iniciativa \u201chemos<br>pasado momentos muy bonitos. El a\u00f1o pasado nos adjudicamos canastas, en a\u00f1os anteriores<br>pudimos postular a viajes, hicimos uno a la d\u00e9cima regi\u00f3n, y otro a Puerto Natales. Me gustar\u00eda<br>invitar a los dem\u00e1s clubes que postulen, porque es algo muy hermoso\u201d<br>Las organizaciones de mayores pueden retirar las Bases, formularios y Manual de Apoyo a la<br>Postulaci\u00f3n del concurso en Coordinaci\u00f3n Regional de SENAMA Magallanes, ubicada en calle<br>Sarmiento 916 de la comuna de Punta Arenas, o en las Delegaciones Presidenciales Provinciales.<br>Tambi\u00e9n pueden descargar el material en la p\u00e1gina web de SENAMA, www.senama.gob.cl.<br>Asimismo, estar\u00e1 disponible el correo fondo@senama.cl y el whatsapp +56920807488 para<br>responder dudas, consultas o entregar orientaci\u00f3n.<\/p>\n","protected":false},"excerpt":{"rendered":"<p>Desarrollar actividades productivas, comprar nueva indumentaria o concretar ese esperado viajeson s\u00f3lo algunos de los proyectos que las organizaciones de personas mayores pueden postulareste a\u00f1o al Fondo Nacional del Adulto&#8230; <a class=\"read-more\" href=\"https:\/\/www.radiopresidenteibanez.cl\/web\/senama-magallanes-lanza-fondo-con-mas-de-74-millones-de-pesos-para-financiar-proyectos-de-organizaciones-de-mayores\/\">Leer m\u00e1s<\/a><\/p>\n","protected":false},"author":2,"featured_media":47845,"comment_status":"closed","ping_status":"closed","sticky":false,"template":"","format":"standard","meta":{"footnotes":""},"categories":[1],"tags":[],"class_list":["post-47844","post","type-post","status-publish","format-standard","has-post-thumbnail","hentry","category-cronica"],"_links":{"self":[{"href":"https:\/\/www.radiopresidenteibanez.cl\/web\/wp-json\/wp\/v2\/posts\/47844","targetHints":{"allow":["GET"]}}],"collection":[{"href":"https:\/\/www.radiopresidenteibanez.cl\/web\/wp-json\/wp\/v2\/posts"}],"about":[{"href":"https:\/\/www.radiopresidenteibanez.cl\/web\/wp-json\/wp\/v2\/types\/post"}],"author":[{"embeddable":true,"href":"https:\/\/www.radiopresidenteibanez.cl\/web\/wp-json\/wp\/v2\/users\/2"}],"replies":[{"embeddable":true,"href":"https:\/\/www.radiopresidenteibanez.cl\/web\/wp-json\/wp\/v2\/comments?post=47844"}],"version-history":[{"count":0,"href":"https:\/\/www.radiopresidenteibanez.cl\/web\/wp-json\/wp\/v2\/posts\/47844\/revisions"}],"wp:featuredmedia":[{"embeddable":true,"href":"https:\/\/www.radiopresidenteibanez.cl\/web\/wp-json\/wp\/v2\/media\/47845"}],"wp:attachment":[{"href":"https:\/\/www.radiopresidenteibanez.cl\/web\/wp-json\/wp\/v2\/media?parent=47844"}],"wp:term":[{"taxonomy":"category","embeddable":true,"href":"https:\/\/www.radiopresidenteibanez.cl\/web\/wp-json\/wp\/v2\/categories?post=47844"},{"taxonomy":"post_tag","embeddable":true,"href":"https:\/\/www.radiopresidenteibanez.cl\/web\/wp-json\/wp\/v2\/tags?post=47844"}],"curies":[{"name":"wp","href":"https:\/\/api.w.org\/{rel}","templated":true}]}}