{"id":47774,"date":"2024-04-17T08:44:55","date_gmt":"2024-04-17T11:44:55","guid":{"rendered":"https:\/\/www.radiopresidenteibanez.cl\/web\/?p=47774"},"modified":"2024-04-17T08:49:27","modified_gmt":"2024-04-17T11:49:27","slug":"mediante-complejo-operativo-tabsa-reflota-maquinaria-en-tres-puentes","status":"publish","type":"post","link":"https:\/\/www.radiopresidenteibanez.cl\/web\/mediante-complejo-operativo-tabsa-reflota-maquinaria-en-tres-puentes\/","title":{"rendered":"MEDIANTE COMPLEJO OPERATIVO TABSA REFLOTA MAQUINARIA EN TRES PUENTES"},"content":{"rendered":"\n<p>Tras un arduo trabajo de planificaci\u00f3n, el equipo de Cabotaje y Log\u00edstica de TABSA junto a la tripulaci\u00f3n del ferry Yaghan lograron reflotar la motoniveladora que hace casi dos meses se hundi\u00f3 en el terminal de Tres Puentes en un lamentable accidente que le cost\u00f3 la vida a un funcionario de la Direcci\u00f3n General de Aeron\u00e1utica Civil (DGAC).<\/p>\n\n\n\n<p>El operativo se inici\u00f3 a las 9.30 horas de hoy con el arribo del ferry Yaghan a la rampa de Tres Puentes en donde fue embarcada una gr\u00faa con capacidad de 100 toneladas. Luego, un equipo de buzos fij\u00f3 los anclajes que permitieron el izamiento de la maquina lo que aconteci\u00f3 pasado el mediod\u00eda.<\/p>\n\n\n\n<p>Crist\u00f3bal Kulczewski, Gerente General de TABSA, junto con destacar la labor del personal de la empresa agradeci\u00f3 el trabajo coordinado con la Autoridad Mar\u00edtima y la Empresa Portuaria Austral (EPA). \u201cSe tomaron todas las medidas de seguridad necesarias y estamos muy satisfechos que este operativo haya resultado exitoso, lo que permitir\u00e1 liberar al uso uno de los puntos de atraque de la rampa de Tres Puentes\u201d, indic\u00f3 el ejecutivo.<\/p>\n\n\n\n<p>Julio Dasencic, Jefe del Departamento de Cabotaje y Log\u00edstica de TABSA, explic\u00f3 que la m\u00e1quina se encontraba hundida a tres metros de profundidad y que gracias a labor de los buzos se logr\u00f3 colocar los grilletes en cuatro puntos para luego realizar las maniobras de izaje. \u201cLa motoniveladora se deposit\u00f3 en un tr\u00e1iler de camada baja para luego ser trasladada a una base de la Armada\u201d, indic\u00f3.<\/p>\n\n\n\n<p>En tanto, el Gobernador Mar\u00edtimo de Punta Arenas, Capit\u00e1n de Nav\u00edo Litoral, Felipe Gonz\u00e1lez, dijo que TABSA realiz\u00f3 el operativo de \u201cmanera profesional, nos mostraron todos sus c\u00e1lculos y nos demostraron sus capacidades y nosotros pudimos aprobar este plan de reflotamiento.\u201d<\/p>\n","protected":false},"excerpt":{"rendered":"<p>Tras un arduo trabajo de planificaci\u00f3n, el equipo de Cabotaje y Log\u00edstica de TABSA junto a la tripulaci\u00f3n del ferry Yaghan lograron reflotar la motoniveladora que hace casi dos meses&#8230; <a class=\"read-more\" href=\"https:\/\/www.radiopresidenteibanez.cl\/web\/mediante-complejo-operativo-tabsa-reflota-maquinaria-en-tres-puentes\/\">Leer m\u00e1s<\/a><\/p>\n","protected":false},"author":2,"featured_media":47775,"comment_status":"closed","ping_status":"closed","sticky":false,"template":"","format":"standard","meta":{"footnotes":""},"categories":[1],"tags":[],"class_list":["post-47774","post","type-post","status-publish","format-standard","has-post-thumbnail","hentry","category-cronica"],"_links":{"self":[{"href":"https:\/\/www.radiopresidenteibanez.cl\/web\/wp-json\/wp\/v2\/posts\/47774","targetHints":{"allow":["GET"]}}],"collection":[{"href":"https:\/\/www.radiopresidenteibanez.cl\/web\/wp-json\/wp\/v2\/posts"}],"about":[{"href":"https:\/\/www.radiopresidenteibanez.cl\/web\/wp-json\/wp\/v2\/types\/post"}],"author":[{"embeddable":true,"href":"https:\/\/www.radiopresidenteibanez.cl\/web\/wp-json\/wp\/v2\/users\/2"}],"replies":[{"embeddable":true,"href":"https:\/\/www.radiopresidenteibanez.cl\/web\/wp-json\/wp\/v2\/comments?post=47774"}],"version-history":[{"count":0,"href":"https:\/\/www.radiopresidenteibanez.cl\/web\/wp-json\/wp\/v2\/posts\/47774\/revisions"}],"wp:featuredmedia":[{"embeddable":true,"href":"https:\/\/www.radiopresidenteibanez.cl\/web\/wp-json\/wp\/v2\/media\/47775"}],"wp:attachment":[{"href":"https:\/\/www.radiopresidenteibanez.cl\/web\/wp-json\/wp\/v2\/media?parent=47774"}],"wp:term":[{"taxonomy":"category","embeddable":true,"href":"https:\/\/www.radiopresidenteibanez.cl\/web\/wp-json\/wp\/v2\/categories?post=47774"},{"taxonomy":"post_tag","embeddable":true,"href":"https:\/\/www.radiopresidenteibanez.cl\/web\/wp-json\/wp\/v2\/tags?post=47774"}],"curies":[{"name":"wp","href":"https:\/\/api.w.org\/{rel}","templated":true}]}}