{"id":47764,"date":"2024-04-16T15:55:00","date_gmt":"2024-04-16T18:55:00","guid":{"rendered":"https:\/\/www.radiopresidenteibanez.cl\/web\/?p=47764"},"modified":"2024-04-16T11:38:17","modified_gmt":"2024-04-16T14:38:17","slug":"seremi-de-la-mujer-junto-a-su-par-de-energia-capacitan-a-funcionarios-publicos-en-corresponsabilidad-y-genero","status":"publish","type":"post","link":"https:\/\/www.radiopresidenteibanez.cl\/web\/seremi-de-la-mujer-junto-a-su-par-de-energia-capacitan-a-funcionarios-publicos-en-corresponsabilidad-y-genero\/","title":{"rendered":"SEREMI DE LA MUJER JUNTO A SU PAR DE ENERGIA CAPACITAN A FUNCIONARIOS PUBLICOS EN CORRESPONSABILIDAD Y GENERO"},"content":{"rendered":"\n<p>En el marco de las actividades comprometidas por la Comisi\u00f3n T\u00e9cnica Regional de Igualdad de Derechos y Equidad de G\u00e9nero, encabezada por la Seremi de la Mujer y la Equidad de G\u00e9nero y que congrega a 60 reparticiones p\u00fablicas, esta semana junto a su par de Energ\u00eda de Magallanes impartieron los talleres \u00abLas Mujeres Suman\u00bb y \u00abCorresponsabilidad y Cuidados\u00bb, dirigido a funcionarias y funcionarios p\u00fablicos.<\/p>\n\n\n\n<p>La instancia fue encabezada por la seremi de la Mujer y la Equidad de G\u00e9nero, Alejandra Ruiz Ovando y el titular regional de Energ\u00eda, Sergio Cuiti\u00f1o; y las presentaciones, estuvieron a cargo de Mar\u00eda Alicia Aguilar por parte de Energ\u00eda y Paulina Torres C\u00e1rdenas, profesional de apoyo de la cartera de la Mujer y Equidad de G\u00e9nero.<\/p>\n\n\n\n<p>En la apertura de la actividad -desarrollada en la C\u00e1mara Chilena de la Construcci\u00f3n-, las autoridades regionales resaltaron la importancia de ir actualizando conceptos necesarios para fomentar el cambio cultural que nuestra sociedad requiere para alcanzar la igualdad sustantiva en el \u00e1mbito laboral tanto privado como institucional.<\/p>\n\n\n\n<p>Por ejemplo, iniciativas como \u201cLas Mujeres Suman\u201d del Ministerio de Energ\u00eda buscan equiparar la cancha en un sector \u201cque hist\u00f3ricamente ha sido subrepresentado\u201d explic\u00f3 la Seremi Ruiz Ovando. \u201cFomentar la participaci\u00f3n de mujeres en carreras t\u00e9cnicas y profesionales del \u00e1rea energ\u00e9tica no solo permite representar de mejor forma la diversidad que existe en la sociedad, sino que en t\u00e9rminos laborales aporta a cerrar brechas salariales al ser un \u00e1rea mejor remunerada y m\u00e1s competitiva\u201d, declar\u00f3.<\/p>\n\n\n\n<p>En tanto, el seremi de Energ\u00eda, Sergio Cuiti\u00f1o, complement\u00f3 lo expresado por la seremi Ruiz en el sentido de \u201cabordar integralmente los desaf\u00edos y deudas que tenemos con la igualdad, a fin avanzar con logros concretos en mayor y mejor equidad de g\u00e9nero\u201d. Cuiti\u00f1o agreg\u00f3: \u201cestas iniciativas de concientizaci\u00f3n y aprendizajes deben partir por casa; es decir, desde el Estado, el cual tiene un rol protag\u00f3nico, al igual que sus funcionarios p\u00fablicos\u201d.<\/p>\n\n\n\n<p>\u201cSin embargo -prosigui\u00f3 la autoridad de Energ\u00eda-, este tr\u00e1nsito hacia una sociedad con mejores est\u00e1ndares de equidad de g\u00e9nero y participaci\u00f3n femenina no se producen por la sola actuaci\u00f3n del Estado o el gobierno de turno. Los cambios se consiguen y se legitiman cuando participan y se comprometen las instituciones intermedias y la sociedad civil en general\u201d, plante\u00f3. \u201cEn este sentido, nuestro rol como autoridades del Gobierno del Presidente Gabriel Boric, es articular, garantizar y promover instancias de participaci\u00f3n y difusi\u00f3n donde todas las voces tengan ocasi\u00f3n de ser escuchadas\u201d, remarc\u00f3 Cuiti\u00f1o. &nbsp;<\/p>\n","protected":false},"excerpt":{"rendered":"<p>En el marco de las actividades comprometidas por la Comisi\u00f3n T\u00e9cnica Regional de Igualdad de Derechos y Equidad de G\u00e9nero, encabezada por la Seremi de la Mujer y la Equidad&#8230; <a class=\"read-more\" href=\"https:\/\/www.radiopresidenteibanez.cl\/web\/seremi-de-la-mujer-junto-a-su-par-de-energia-capacitan-a-funcionarios-publicos-en-corresponsabilidad-y-genero\/\">Leer m\u00e1s<\/a><\/p>\n","protected":false},"author":2,"featured_media":47765,"comment_status":"closed","ping_status":"closed","sticky":false,"template":"","format":"standard","meta":{"footnotes":""},"categories":[1],"tags":[],"class_list":["post-47764","post","type-post","status-publish","format-standard","has-post-thumbnail","hentry","category-cronica"],"_links":{"self":[{"href":"https:\/\/www.radiopresidenteibanez.cl\/web\/wp-json\/wp\/v2\/posts\/47764","targetHints":{"allow":["GET"]}}],"collection":[{"href":"https:\/\/www.radiopresidenteibanez.cl\/web\/wp-json\/wp\/v2\/posts"}],"about":[{"href":"https:\/\/www.radiopresidenteibanez.cl\/web\/wp-json\/wp\/v2\/types\/post"}],"author":[{"embeddable":true,"href":"https:\/\/www.radiopresidenteibanez.cl\/web\/wp-json\/wp\/v2\/users\/2"}],"replies":[{"embeddable":true,"href":"https:\/\/www.radiopresidenteibanez.cl\/web\/wp-json\/wp\/v2\/comments?post=47764"}],"version-history":[{"count":0,"href":"https:\/\/www.radiopresidenteibanez.cl\/web\/wp-json\/wp\/v2\/posts\/47764\/revisions"}],"wp:featuredmedia":[{"embeddable":true,"href":"https:\/\/www.radiopresidenteibanez.cl\/web\/wp-json\/wp\/v2\/media\/47765"}],"wp:attachment":[{"href":"https:\/\/www.radiopresidenteibanez.cl\/web\/wp-json\/wp\/v2\/media?parent=47764"}],"wp:term":[{"taxonomy":"category","embeddable":true,"href":"https:\/\/www.radiopresidenteibanez.cl\/web\/wp-json\/wp\/v2\/categories?post=47764"},{"taxonomy":"post_tag","embeddable":true,"href":"https:\/\/www.radiopresidenteibanez.cl\/web\/wp-json\/wp\/v2\/tags?post=47764"}],"curies":[{"name":"wp","href":"https:\/\/api.w.org\/{rel}","templated":true}]}}