{"id":4775,"date":"2019-06-04T00:55:04","date_gmt":"2019-06-04T00:55:04","guid":{"rendered":"http:\/\/www.radiopresidenteibanez.cl\/web\/?p=4775"},"modified":"2019-06-04T00:55:44","modified_gmt":"2019-06-04T00:55:44","slug":"continua-la-busqueda-de-persona-desaparecida-en-sector-rio-las-minas","status":"publish","type":"post","link":"https:\/\/www.radiopresidenteibanez.cl\/web\/continua-la-busqueda-de-persona-desaparecida-en-sector-rio-las-minas\/","title":{"rendered":"CONTIN\u00daA LA B\u00daSQUEDA DE PERSONA DESAPARECIDA EN SECTOR R\u00cdO LAS MINAS"},"content":{"rendered":"\n<p>Gobernaci\u00f3n\nprovincial, Onemi, GOPE de Carabineros, la ONG SAR Magallanes, Ej\u00e9rcito se encuentran\nen la b\u00fasqueda de&nbsp;<strong>Leonardo D\u00edaz C\u00e1rdenas (35), <\/strong>quien<a href=\"https:\/\/www.cooperativa.cl\/noticias\/pais\/region-de-los-lagos\/joven-lleva-cinco-dias-desaparecido-en-hualaihue\/2018-10-18\/100401.html\">desapareci\u00f3\nel s\u00e1bado en el sector alto del r\u00edo Las Minas<\/a>.<\/p>\n\n\n\n<p>Cabe\nse\u00f1alar que en la ma\u00f1ana del d\u00eda 2 de junio se realiz\u00f3 una denuncia por\npresunta desgracia del joven Leonardo D\u00edaz. Luego de darse las alertas, comenz\u00f3\nla b\u00fasqueda, finalizando la jornada&nbsp; con\nuna mesa t\u00e9cnica que se reuni\u00f3 a las 20:00hrs en\ndependencias de la ONEMI, durante la cual el gobernador provincial gener\u00f3 una resoluci\u00f3n\nexenta para activar el sistema de protecci\u00f3n civil de la provincia de\nMagallanes, la que entre otras cosas, permite solicitar apoyo al ej\u00e9rcito\n(PARMES).<\/p>\n\n\n\n<p>Al\nser consultado al respecto el gobernador provincial, Homero Villegas N\u00fa\u00f1ez,\nexplic\u00f3 que \u201cluego de la denuncia por presunta desgracia, la gobernaci\u00f3n activ\u00f3\nun sistema de b\u00fasqueda, coordinando al Gope de Carabineros. Ayer s\u00e1bado se\nbusc\u00f3 a esta persona por tierra y aire, usando el helic\u00f3ptero de Carabineros y\nhoy por la ma\u00f1ana (lunes), luego de una reuni\u00f3n t\u00e9cnica, a las 8:30hrs,\nsolicitamos el apoyo del PARMES (Patrullas de rescate de monta\u00f1a) del Ej\u00e9rcito\ny se activaron los equipos de b\u00fasqueda. Estamos abocados a darle sentido de\nurgencia a esta b\u00fasqueda. El clima est\u00e1 muy malo, pero seguimos buscando\u201d.<\/p>\n\n\n\n<p>A la exploraci\u00f3n realizada por el\nGOPE, se integr\u00f3 a media tarde de ayer, la ONG SAR Magallanes. El\ndirector de Onemi, Juan Carlos Andrades, expres\u00f3 que \u201cEl factor clim\u00e1tico es el m\u00e1s\npreocupante, porque est\u00e1 dando el punto de flexi\u00f3n &nbsp;sobre la premura del trabajo de los equipos de\nb\u00fasqueda, principalmente la labor que le corresponde a la Onemi regional de\ncoordinar a petici\u00f3n de la autoridad provincial. El clima se mantiene con\nlloviznas d\u00e9biles, pero es la sensaci\u00f3n t\u00e9rmica de estar en terreno sin los\nequipos correspondientes, y sin la protecci\u00f3n lo que nos preocupa como sistema\nde protecci\u00f3n civil en la b\u00fasqueda de esta persona y por eso estamos extremando\nlas medidas e integrando a mayor cantidad de personas\u201d<\/p>\n\n\n\n<p>El\nPrefecto de Carabineros, coronel Ricardo Rubat, agreg\u00f3 que \u201cdesde que se\nrecibi\u00f3 la denuncia por presunta desgracia, se comenzaron a recabar los\nantecedentes necesarios para comenzar con la b\u00fasqueda. Personal de la central\nde comunicaciones, logr\u00f3 hacer contacto telef\u00f3nico ayer, donde indic\u00f3 que se\nencontraba en este sector, por lo tanto todos los recursos se focalizaron ac\u00e1.\nEstamos esperando que mejoren las condiciones meteorol\u00f3gicas para volar el\nhelic\u00f3ptero\u201d. <\/p>\n\n\n\n<p>Hasta\nel momento, los resultados han sido infructuosos, la b\u00fasqueda finaliza a las\n18:30 para retomarla temprano ma\u00f1ana. En ese sentido el gobernador realiz\u00f3 un\nllamado al autocuidado solicitando a la comunidad que \u201ccuando salgan a alg\u00fan\nlugar, como el campo, tienen que avisar, sobre todo ahora que est\u00e1 pronto el\ninvierno y las condiciones clim\u00e1ticas son muy desfavorables\u201d. Agreg\u00f3 que\n\u201cestamos poniendo toda nuestra capacidad de organizaci\u00f3n y de log\u00edstica para\nencontrar a este joven\u201d<\/p>\n\n\n\n<p>El llamado siempre es al autocuidado, evitar salir a terreno sin el equipamiento y las precauciones correspondientes, en condiciones clim\u00e1ticas como esta. Por otra parte, se est\u00e1 realizando un rastreo met\u00f3dico y ordenado, por lo que se pide a la comunidad que la ayuda que pudiesen prestar, se debe canalizar a trav\u00e9s de Carabineros, Onemi o con el Director provincial de Riesgos y Emergencias de la \u00a0Gobernaci\u00f3n, Oscar Strauch, para trabajar coordinadamente, y de esa forma evitar borrar huellas e indicios que pudieran detectar el paradero de esta persona. <\/p>\n\n\n\n<figure class=\"wp-block-image\"><img loading=\"lazy\" decoding=\"async\" width=\"900\" height=\"477\" src=\"https:\/\/www.radiopresidenteibanez.cl\/web\/wp-content\/uploads\/2019\/06\/WhatsApp-Image-2019-06-03-at-14.20.57.jpeg\" alt=\"\" class=\"wp-image-4776\" srcset=\"https:\/\/www.radiopresidenteibanez.cl\/web\/wp-content\/uploads\/2019\/06\/WhatsApp-Image-2019-06-03-at-14.20.57.jpeg 900w, https:\/\/www.radiopresidenteibanez.cl\/web\/wp-content\/uploads\/2019\/06\/WhatsApp-Image-2019-06-03-at-14.20.57-300x159.jpeg 300w, https:\/\/www.radiopresidenteibanez.cl\/web\/wp-content\/uploads\/2019\/06\/WhatsApp-Image-2019-06-03-at-14.20.57-768x407.jpeg 768w\" sizes=\"auto, (max-width: 900px) 100vw, 900px\" \/><\/figure>\n","protected":false},"excerpt":{"rendered":"<p>Gobernaci\u00f3n provincial, Onemi, GOPE de Carabineros, la ONG SAR Magallanes, Ej\u00e9rcito se encuentran en la b\u00fasqueda de&nbsp;Leonardo D\u00edaz C\u00e1rdenas (35), quiendesapareci\u00f3 el s\u00e1bado en el sector alto del r\u00edo Las&#8230; <a class=\"read-more\" href=\"https:\/\/www.radiopresidenteibanez.cl\/web\/continua-la-busqueda-de-persona-desaparecida-en-sector-rio-las-minas\/\">Leer m\u00e1s<\/a><\/p>\n","protected":false},"author":2,"featured_media":4776,"comment_status":"closed","ping_status":"closed","sticky":false,"template":"","format":"standard","meta":{"footnotes":""},"categories":[1],"tags":[],"class_list":["post-4775","post","type-post","status-publish","format-standard","has-post-thumbnail","hentry","category-cronica"],"_links":{"self":[{"href":"https:\/\/www.radiopresidenteibanez.cl\/web\/wp-json\/wp\/v2\/posts\/4775","targetHints":{"allow":["GET"]}}],"collection":[{"href":"https:\/\/www.radiopresidenteibanez.cl\/web\/wp-json\/wp\/v2\/posts"}],"about":[{"href":"https:\/\/www.radiopresidenteibanez.cl\/web\/wp-json\/wp\/v2\/types\/post"}],"author":[{"embeddable":true,"href":"https:\/\/www.radiopresidenteibanez.cl\/web\/wp-json\/wp\/v2\/users\/2"}],"replies":[{"embeddable":true,"href":"https:\/\/www.radiopresidenteibanez.cl\/web\/wp-json\/wp\/v2\/comments?post=4775"}],"version-history":[{"count":0,"href":"https:\/\/www.radiopresidenteibanez.cl\/web\/wp-json\/wp\/v2\/posts\/4775\/revisions"}],"wp:featuredmedia":[{"embeddable":true,"href":"https:\/\/www.radiopresidenteibanez.cl\/web\/wp-json\/wp\/v2\/media\/4776"}],"wp:attachment":[{"href":"https:\/\/www.radiopresidenteibanez.cl\/web\/wp-json\/wp\/v2\/media?parent=4775"}],"wp:term":[{"taxonomy":"category","embeddable":true,"href":"https:\/\/www.radiopresidenteibanez.cl\/web\/wp-json\/wp\/v2\/categories?post=4775"},{"taxonomy":"post_tag","embeddable":true,"href":"https:\/\/www.radiopresidenteibanez.cl\/web\/wp-json\/wp\/v2\/tags?post=4775"}],"curies":[{"name":"wp","href":"https:\/\/api.w.org\/{rel}","templated":true}]}}