{"id":47749,"date":"2024-04-16T09:39:00","date_gmt":"2024-04-16T12:39:00","guid":{"rendered":"https:\/\/www.radiopresidenteibanez.cl\/web\/?p=47749"},"modified":"2024-04-16T08:36:14","modified_gmt":"2024-04-16T11:36:14","slug":"nuevo-gobierno-en-terreno-llega-hasta-timaukel-con-amplia-convocatoria","status":"publish","type":"post","link":"https:\/\/www.radiopresidenteibanez.cl\/web\/nuevo-gobierno-en-terreno-llega-hasta-timaukel-con-amplia-convocatoria\/","title":{"rendered":"NUEVO GOBIERNO EN TERRENO LLEGA HASTA TIMAUKEL CON AMPLIA CONVOCATORIA"},"content":{"rendered":"\n<p>El equipo de la Delegaci\u00f3n Presidencial Provincial viaj\u00f3 al sur de la isla de Tierra del Fuego, a 150<br>kil\u00f3metros de Porvenir, para acercar los servicios p\u00fablicos y emprendimientos a la comunidad de<br>Villa Cameron, donde tambi\u00e9n asistieron personas de Pampa Guanaco y otras localidades.<br>La jornada estuvo marcada por una amplia convocatoria y acceso a los servicios p\u00fablicos,<br>destacando la atenci\u00f3n del Servicio de Impuestos Internos, que estuvo enfocada en la Operaci\u00f3n<br>Renta 2024. Por otro lado, los vecinos de Timaukel, pudieron renovar sus c\u00e9dulas de identidad<br>gracias a la presencia del Registro Civil, adem\u00e1s de solicitar y actualizar sus credenciales de<br>residencia. Tambi\u00e9n se entreg\u00f3 informaci\u00f3n sobre la acreditaci\u00f3n de la calidad ind\u00edgena, instancia<br>brindada por medio del convenio entre Conadi y la Delegaci\u00f3n Presidencial Provincial de Tierra del<br>Fuego.<br>Se sum\u00f3 a esta jornada, la Directora Regional de Fonasa, Mar\u00eda In\u00e9s Araya, quien resolvi\u00f3 dudas y<br>atendi\u00f3 al p\u00fablico; \u201cesta invitaci\u00f3n de la DPP de Tierra del Fuego coincide con nuestro inter\u00e9s<br>regional de llegar a nuestros usuarios, sobretodo los de zonas aisladas que muchas veces<br>desconocen los beneficios a los cuales pueden acceder siendo afiliados del Seguro P\u00fablico\u201d se\u00f1al\u00f3<br>la autoridad.<br>El encuentro se realiz\u00f3 en la Sede Vecinal de Villa Cameron, donde tambi\u00e9n estuvieron presentes<br>el SAG, Servel, la Direcci\u00f3n de Trabajo, Serviu, entre otros servicios a disposici\u00f3n de la comunidad,<br>adem\u00e1s del Delegado Presidencial Provincial (s) de Tierra del Fuego, Claudio San Mart\u00edn, quien<br>destac\u00f3 \u201cla amplia participaci\u00f3n que evidencia una convocatoria exitosa; es parte de nuestro<br>trabajo acercar la oferta p\u00fablica a las comunidades de todos los territorios de la provincia y eso se<br>logra con la participaci\u00f3n de los servicios y tambi\u00e9n de las y los habitantes que dan sentido a estos<br>esfuerzos por descentralizar el acceso a las pol\u00edticas p\u00fablicas\u201d, se\u00f1al\u00f3, adem\u00e1s de agradecer a la<br>\u201cMunicipalidad de Timaukel por su apoyo en la realizaci\u00f3n de este Gobierno en Terreno\u201d.<br>La jornada de inclusi\u00f3n territorial, cont\u00f3 adem\u00e1s con los servicios de peluquer\u00eda, alimentaci\u00f3n y<br>vestuario, desplegados por emprendedores locales y provinciales. Mariela Sobarzo de la<br>Municipalidad de Timaukel, indic\u00f3 que esta fue una instancia \u201cmuy buena, ya que estuvieron los<br>servicios que la comunidad solicit\u00f3, llegaron hartos emprendedores y bastante concurrencia de<br>vecinos\u201d indic\u00f3.<br>Finalmente, en el marco del Gobierno en Terreno y contando con la presencia de la Directora<br>Regional de Fonasa, Mar\u00eda Araya, m\u00e1s las atenciones especiales del Servicio de Impuestos Internos<\/p>\n\n\n\n<p>en esta temporada de Operaci\u00f3n Renta, el d\u00eda domingo se realiz\u00f3 una jornada de atenci\u00f3n<br>extraordinaria en la Delegaci\u00f3n Presidencial Provincial de Tierra del Fuego en la comuna de<br>Porvenir, donde la comunidad pudo acercarse, efectuar consultas y realizar tr\u00e1mites de forma<br>directa durante el fin de semana.<br>\u201cComo Fonasa Magallanes, pese a ser un equipo peque\u00f1o, estamos atentos a las necesidades de<br>nuestros usuarios y como seguro p\u00fablico, agradecemos la invitaci\u00f3n a esta instancia organizada<br>por la Delegaci\u00f3n\u201d, indic\u00f3 la directora regional.<\/p>\n","protected":false},"excerpt":{"rendered":"<p>El equipo de la Delegaci\u00f3n Presidencial Provincial viaj\u00f3 al sur de la isla de Tierra del Fuego, a 150kil\u00f3metros de Porvenir, para acercar los servicios p\u00fablicos y emprendimientos a la&#8230; <a class=\"read-more\" href=\"https:\/\/www.radiopresidenteibanez.cl\/web\/nuevo-gobierno-en-terreno-llega-hasta-timaukel-con-amplia-convocatoria\/\">Leer m\u00e1s<\/a><\/p>\n","protected":false},"author":2,"featured_media":47750,"comment_status":"closed","ping_status":"closed","sticky":false,"template":"","format":"standard","meta":{"footnotes":""},"categories":[1],"tags":[],"class_list":["post-47749","post","type-post","status-publish","format-standard","has-post-thumbnail","hentry","category-cronica"],"_links":{"self":[{"href":"https:\/\/www.radiopresidenteibanez.cl\/web\/wp-json\/wp\/v2\/posts\/47749","targetHints":{"allow":["GET"]}}],"collection":[{"href":"https:\/\/www.radiopresidenteibanez.cl\/web\/wp-json\/wp\/v2\/posts"}],"about":[{"href":"https:\/\/www.radiopresidenteibanez.cl\/web\/wp-json\/wp\/v2\/types\/post"}],"author":[{"embeddable":true,"href":"https:\/\/www.radiopresidenteibanez.cl\/web\/wp-json\/wp\/v2\/users\/2"}],"replies":[{"embeddable":true,"href":"https:\/\/www.radiopresidenteibanez.cl\/web\/wp-json\/wp\/v2\/comments?post=47749"}],"version-history":[{"count":0,"href":"https:\/\/www.radiopresidenteibanez.cl\/web\/wp-json\/wp\/v2\/posts\/47749\/revisions"}],"wp:featuredmedia":[{"embeddable":true,"href":"https:\/\/www.radiopresidenteibanez.cl\/web\/wp-json\/wp\/v2\/media\/47750"}],"wp:attachment":[{"href":"https:\/\/www.radiopresidenteibanez.cl\/web\/wp-json\/wp\/v2\/media?parent=47749"}],"wp:term":[{"taxonomy":"category","embeddable":true,"href":"https:\/\/www.radiopresidenteibanez.cl\/web\/wp-json\/wp\/v2\/categories?post=47749"},{"taxonomy":"post_tag","embeddable":true,"href":"https:\/\/www.radiopresidenteibanez.cl\/web\/wp-json\/wp\/v2\/tags?post=47749"}],"curies":[{"name":"wp","href":"https:\/\/api.w.org\/{rel}","templated":true}]}}