{"id":47742,"date":"2024-04-15T18:31:00","date_gmt":"2024-04-15T21:31:00","guid":{"rendered":"https:\/\/www.radiopresidenteibanez.cl\/web\/?p=47742"},"modified":"2024-04-15T12:15:06","modified_gmt":"2024-04-15T15:15:06","slug":"director-ejecutivo-del-slep-participo-en-reunion-del-sindicato-de-asistentes-de-la-educacion","status":"publish","type":"post","link":"https:\/\/www.radiopresidenteibanez.cl\/web\/director-ejecutivo-del-slep-participo-en-reunion-del-sindicato-de-asistentes-de-la-educacion\/","title":{"rendered":"DIRECTOR EJECUTIVO DEL SLEP PARTICIPO EN REUNION DEL SINDICATO DE ASISTENTES DE LA EDUCACION"},"content":{"rendered":"\n<p>Cerca de 40 dirigentes y delegados del sindicato de asistentes de la educaci\u00f3n participaron en una<br>reuni\u00f3n a la que invitaron al director ejecutivo del Servicio Local de Educaci\u00f3n P\u00fablica Magallanes,<br>Mario Garc\u00eda Mart\u00ednez, para requerir informaciones sobre distintas materias de inter\u00e9s para los<br>trabajadores.<br>El presidente de esta organizaci\u00f3n, Pedro Pablo Ramos, inform\u00f3 que el di\u00e1logo dur\u00f3 cerca de<br>cuatro horas y permiti\u00f3 aclarar distintas dudas de los trabajadores, adem\u00e1s de plantear algunas<br>materias en las que mantienen diferencias con el fin de seguir dialogando en el futuro.<br>A\u00f1adi\u00f3 que entre los temas que hoy preocupan a los asistentes de la educaci\u00f3n se cuentan el uso<br>de los d\u00edas administrativos, los permisos por enfermedad y el tiempo de los trabajadores para<br>destinar a la colaci\u00f3n.<br>Los directivos del SLEP Magallanes seguir\u00e1n manteniendo contacto estrecho con las<br>organizaciones de trabajadores de la educaci\u00f3n para profundizar la entrega de informaci\u00f3n y<br>avanzar en las respuestas a sus requerimientos.<\/p>\n","protected":false},"excerpt":{"rendered":"<p>Cerca de 40 dirigentes y delegados del sindicato de asistentes de la educaci\u00f3n participaron en unareuni\u00f3n a la que invitaron al director ejecutivo del Servicio Local de Educaci\u00f3n P\u00fablica Magallanes,Mario&#8230; <a class=\"read-more\" href=\"https:\/\/www.radiopresidenteibanez.cl\/web\/director-ejecutivo-del-slep-participo-en-reunion-del-sindicato-de-asistentes-de-la-educacion\/\">Leer m\u00e1s<\/a><\/p>\n","protected":false},"author":2,"featured_media":47743,"comment_status":"closed","ping_status":"closed","sticky":false,"template":"","format":"standard","meta":{"footnotes":""},"categories":[1],"tags":[],"class_list":["post-47742","post","type-post","status-publish","format-standard","has-post-thumbnail","hentry","category-cronica"],"_links":{"self":[{"href":"https:\/\/www.radiopresidenteibanez.cl\/web\/wp-json\/wp\/v2\/posts\/47742","targetHints":{"allow":["GET"]}}],"collection":[{"href":"https:\/\/www.radiopresidenteibanez.cl\/web\/wp-json\/wp\/v2\/posts"}],"about":[{"href":"https:\/\/www.radiopresidenteibanez.cl\/web\/wp-json\/wp\/v2\/types\/post"}],"author":[{"embeddable":true,"href":"https:\/\/www.radiopresidenteibanez.cl\/web\/wp-json\/wp\/v2\/users\/2"}],"replies":[{"embeddable":true,"href":"https:\/\/www.radiopresidenteibanez.cl\/web\/wp-json\/wp\/v2\/comments?post=47742"}],"version-history":[{"count":0,"href":"https:\/\/www.radiopresidenteibanez.cl\/web\/wp-json\/wp\/v2\/posts\/47742\/revisions"}],"wp:featuredmedia":[{"embeddable":true,"href":"https:\/\/www.radiopresidenteibanez.cl\/web\/wp-json\/wp\/v2\/media\/47743"}],"wp:attachment":[{"href":"https:\/\/www.radiopresidenteibanez.cl\/web\/wp-json\/wp\/v2\/media?parent=47742"}],"wp:term":[{"taxonomy":"category","embeddable":true,"href":"https:\/\/www.radiopresidenteibanez.cl\/web\/wp-json\/wp\/v2\/categories?post=47742"},{"taxonomy":"post_tag","embeddable":true,"href":"https:\/\/www.radiopresidenteibanez.cl\/web\/wp-json\/wp\/v2\/tags?post=47742"}],"curies":[{"name":"wp","href":"https:\/\/api.w.org\/{rel}","templated":true}]}}