{"id":47739,"date":"2024-04-15T17:17:00","date_gmt":"2024-04-15T20:17:00","guid":{"rendered":"https:\/\/www.radiopresidenteibanez.cl\/web\/?p=47739"},"modified":"2024-04-15T11:45:36","modified_gmt":"2024-04-15T14:45:36","slug":"segegob-se-despliega-hasta-natales-para-seguir-resolviendo-las-necesidades-de-la-comunidad","status":"publish","type":"post","link":"https:\/\/www.radiopresidenteibanez.cl\/web\/segegob-se-despliega-hasta-natales-para-seguir-resolviendo-las-necesidades-de-la-comunidad\/","title":{"rendered":"SEGEGOB SE DESPLIEGA HASTA NATALES PARA SEGUIR RESOLVIENDO LAS NECESIDADES DE LA COMUNIDAD"},"content":{"rendered":"\n<p>145 juntas de vecinos, tanto rurales como urbanas, se reunieron con el seremi de Gobierno, Andro Mimica, para presentar lo que seg\u00fan ellas, son solicitudes recientes y otras de m\u00e1s de dos a\u00f1os. Nuevas construcciones, y reparaciones de sus sedes, m\u00e1s conectividad en la pen\u00ednsula de Antonio Varas, adem\u00e1s de la mejora de algunos caminos, entre otras necesidades, fueron parte de estas peticiones.<\/p>\n\n\n\n<p>Al respecto, el vocero de Gobierno, sostuvo: \u201cUna de nuestras principales labores a trav\u00e9s de la Secretaria General de Gobierno, y nuestra Divisi\u00f3n de Organizaciones Sociales, es el contacto con el territorio, el poder traspasar de forma ver\u00eddica y de primera fuente las informaciones de nuestro gobierno, y la escucha de las necesidades. Y es as\u00ed que llegamos hasta Puerto Natales para reunirnos con m\u00e1s de 12 juntas de vecinos de distintos sectores de la comuna, escuchando sus problem\u00e1ticas, brindando soluciones y tambi\u00e9n qued\u00e1ndonos con algunas inquietudes que vamos a estar respondiendo a lo largo de las pr\u00f3ximas semanas.\u201d<\/p>\n\n\n\n<p>En encuentro se convirti\u00f3 en un enriquecedor di\u00e1logo, m\u00e1s que en una entrega de lista de peticiones, ya que las vecinas y vecinos, fueron cada uno, presentando sus nombres, a quienes representaban, su historia y la manera de gestionar sus peticiones. En el mismo momento, el vocero, junto a su equipo de trabajo, entre los que se encontraba el encargado de Organizaciones Sociales, Daniel Oyarzo, present\u00f3 orientaci\u00f3n y respuesta a aquellas interrogantes principalmente relacionadas con su gesti\u00f3n y con la creaci\u00f3n de la Uni\u00f3n Comunal. Ambos les presentaron a las vecinas y vecinos cu\u00e1les eran los caminos, las puertas e instancias necesarias para conseguir resolver sus problem\u00e1ticas, adem\u00e1s del compromiso de buscar alternativas para responder a aquellas demandas que requieren de m\u00e1s gesti\u00f3n.<\/p>\n\n\n\n<p>Gloria Lasa Catriao, dirigente de la Junta de Vecinos N\u00b07, \u201cChile Nuevo\u201d de Natales, y participante de la reuni\u00f3n sostuvo: \u201cPara nosotros, como directiva y en lo personal, fue una linda reuni\u00f3n, muy informativa, el seremi como siempre con su buena disponibilidad con las organizaciones y la comunidad, d\u00e1ndonos las posibles soluciones y si no era posible, explic\u00e1ndonos porqu\u00e9 es dif\u00edcil dar respuesta a aquello, entonces eso se agradece. Esperamos que los compromisos que se hicieron ac\u00e1 se puedan cumplir a corto y largo plazo, porque ya todas las juntas de vecinos hicieron sus peticiones\u201d.&nbsp;<\/p>\n\n\n\n<p>El seremi de Gobierno, Andro Mimica, se comprometi\u00f3 a mantener el contacto y a concretar&nbsp; futuras reuniones donde informar\u00e1 las gestiones y avances de las demandas de las vecinas y vecinos de la comuna.<\/p>\n","protected":false},"excerpt":{"rendered":"<p>145 juntas de vecinos, tanto rurales como urbanas, se reunieron con el seremi de Gobierno, Andro Mimica, para presentar lo que seg\u00fan ellas, son solicitudes recientes y otras de m\u00e1s&#8230; <a class=\"read-more\" href=\"https:\/\/www.radiopresidenteibanez.cl\/web\/segegob-se-despliega-hasta-natales-para-seguir-resolviendo-las-necesidades-de-la-comunidad\/\">Leer m\u00e1s<\/a><\/p>\n","protected":false},"author":2,"featured_media":47740,"comment_status":"closed","ping_status":"closed","sticky":false,"template":"","format":"standard","meta":{"footnotes":""},"categories":[1],"tags":[],"class_list":["post-47739","post","type-post","status-publish","format-standard","has-post-thumbnail","hentry","category-cronica"],"_links":{"self":[{"href":"https:\/\/www.radiopresidenteibanez.cl\/web\/wp-json\/wp\/v2\/posts\/47739","targetHints":{"allow":["GET"]}}],"collection":[{"href":"https:\/\/www.radiopresidenteibanez.cl\/web\/wp-json\/wp\/v2\/posts"}],"about":[{"href":"https:\/\/www.radiopresidenteibanez.cl\/web\/wp-json\/wp\/v2\/types\/post"}],"author":[{"embeddable":true,"href":"https:\/\/www.radiopresidenteibanez.cl\/web\/wp-json\/wp\/v2\/users\/2"}],"replies":[{"embeddable":true,"href":"https:\/\/www.radiopresidenteibanez.cl\/web\/wp-json\/wp\/v2\/comments?post=47739"}],"version-history":[{"count":0,"href":"https:\/\/www.radiopresidenteibanez.cl\/web\/wp-json\/wp\/v2\/posts\/47739\/revisions"}],"wp:featuredmedia":[{"embeddable":true,"href":"https:\/\/www.radiopresidenteibanez.cl\/web\/wp-json\/wp\/v2\/media\/47740"}],"wp:attachment":[{"href":"https:\/\/www.radiopresidenteibanez.cl\/web\/wp-json\/wp\/v2\/media?parent=47739"}],"wp:term":[{"taxonomy":"category","embeddable":true,"href":"https:\/\/www.radiopresidenteibanez.cl\/web\/wp-json\/wp\/v2\/categories?post=47739"},{"taxonomy":"post_tag","embeddable":true,"href":"https:\/\/www.radiopresidenteibanez.cl\/web\/wp-json\/wp\/v2\/tags?post=47739"}],"curies":[{"name":"wp","href":"https:\/\/api.w.org\/{rel}","templated":true}]}}