{"id":47724,"date":"2024-04-15T10:46:00","date_gmt":"2024-04-15T13:46:00","guid":{"rendered":"https:\/\/www.radiopresidenteibanez.cl\/web\/?p=47724"},"modified":"2024-04-15T09:52:44","modified_gmt":"2024-04-15T12:52:44","slug":"partido-radical-de-magallanes-muestra-entusiasmo-por-proceso-de-primarias-en-punta-arenas","status":"publish","type":"post","link":"https:\/\/www.radiopresidenteibanez.cl\/web\/partido-radical-de-magallanes-muestra-entusiasmo-por-proceso-de-primarias-en-punta-arenas\/","title":{"rendered":"PARTIDO RADICAL DE MAGALLANES MUESTRA ENTUSIASMO POR PROCESO DE PRIMARIAS EN PUNTA ARENAS"},"content":{"rendered":"\n<p>El presidente regional del Partido Radical en la Regi\u00f3n de Magallanes, Rodolfo C\u00e1rdenas Alvarado, expres\u00f3 la motivaci\u00f3n con la que el Partido Radical e independientes se preparan para el proceso de primarias que se llevar\u00e1 a cabo en Punta Arenas.<\/p>\n\n\n\n<p>C\u00e1rdenas destac\u00f3 la importancia de este proceso como un paso crucial hacia la co-construcci\u00f3n de una visi\u00f3n de ciudad que represente los intereses de la mayor\u00eda de los habitantes de la capital regional en Magallanes. En este sentido, resalt\u00f3 la figura de Ver\u00f3nica Aguilar Mart\u00ednez, a quien describi\u00f3 como una l\u00edder magall\u00e1nica, profesional y arraigada en la ciudad, con una visi\u00f3n clara sobre el desarrollo de los barrios y la comunidad en su conjunto.<\/p>\n\n\n\n<p>\u00abVer\u00f3nica Aguilar representa a la mujer magall\u00e1nica, y su liderazgo se basa en principios de transparencia, inclusi\u00f3n y probidad\u00bb, afirm\u00f3 C\u00e1rdenas.<\/p>\n\n\n\n<p>Asimismo, el presidente radical subray\u00f3 el trabajo territorial que la agrupaci\u00f3n ha venido realizando, con el objetivo de sumar fuerzas sociales, sindicales, emprendedoras y de fomento, para construir una ciudad moderna, sustentable y preocupada por el bienestar de sus ciudadanos.<\/p>\n\n\n\n<p>En cuanto a la candidatura de Aguilar, C\u00e1rdenas mencion\u00f3 que en los pr\u00f3ximos d\u00edas se espera la ratificaci\u00f3n por parte del Servicio Electoral (Servel), recordando que ella obtuvo la primera mayor\u00eda en el \u00faltimo proceso electoral como concejala de Punta Arenas. Las elecciones primarias est\u00e1n programadas para el pr\u00f3ximo domingo 9 de junio, y podr\u00e1n participar militantes e independientes.<\/p>\n\n\n\n<p>El Partido Radical de Magallanes se muestra confiado en que este proceso democr\u00e1tico fortalecer\u00e1 la unidad del progresismo en la regi\u00f3n y sentar\u00e1 las bases para una gesti\u00f3n municipal centrada en las necesidades y aspiraciones de la comunidad.<\/p>\n","protected":false},"excerpt":{"rendered":"<p>El presidente regional del Partido Radical en la Regi\u00f3n de Magallanes, Rodolfo C\u00e1rdenas Alvarado, expres\u00f3 la motivaci\u00f3n con la que el Partido Radical e independientes se preparan para el proceso&#8230; <a class=\"read-more\" href=\"https:\/\/www.radiopresidenteibanez.cl\/web\/partido-radical-de-magallanes-muestra-entusiasmo-por-proceso-de-primarias-en-punta-arenas\/\">Leer m\u00e1s<\/a><\/p>\n","protected":false},"author":2,"featured_media":47725,"comment_status":"closed","ping_status":"closed","sticky":false,"template":"","format":"standard","meta":{"footnotes":""},"categories":[1],"tags":[],"class_list":["post-47724","post","type-post","status-publish","format-standard","has-post-thumbnail","hentry","category-cronica"],"_links":{"self":[{"href":"https:\/\/www.radiopresidenteibanez.cl\/web\/wp-json\/wp\/v2\/posts\/47724","targetHints":{"allow":["GET"]}}],"collection":[{"href":"https:\/\/www.radiopresidenteibanez.cl\/web\/wp-json\/wp\/v2\/posts"}],"about":[{"href":"https:\/\/www.radiopresidenteibanez.cl\/web\/wp-json\/wp\/v2\/types\/post"}],"author":[{"embeddable":true,"href":"https:\/\/www.radiopresidenteibanez.cl\/web\/wp-json\/wp\/v2\/users\/2"}],"replies":[{"embeddable":true,"href":"https:\/\/www.radiopresidenteibanez.cl\/web\/wp-json\/wp\/v2\/comments?post=47724"}],"version-history":[{"count":0,"href":"https:\/\/www.radiopresidenteibanez.cl\/web\/wp-json\/wp\/v2\/posts\/47724\/revisions"}],"wp:featuredmedia":[{"embeddable":true,"href":"https:\/\/www.radiopresidenteibanez.cl\/web\/wp-json\/wp\/v2\/media\/47725"}],"wp:attachment":[{"href":"https:\/\/www.radiopresidenteibanez.cl\/web\/wp-json\/wp\/v2\/media?parent=47724"}],"wp:term":[{"taxonomy":"category","embeddable":true,"href":"https:\/\/www.radiopresidenteibanez.cl\/web\/wp-json\/wp\/v2\/categories?post=47724"},{"taxonomy":"post_tag","embeddable":true,"href":"https:\/\/www.radiopresidenteibanez.cl\/web\/wp-json\/wp\/v2\/tags?post=47724"}],"curies":[{"name":"wp","href":"https:\/\/api.w.org\/{rel}","templated":true}]}}