{"id":4772,"date":"2019-06-04T00:51:23","date_gmt":"2019-06-04T00:51:23","guid":{"rendered":"http:\/\/www.radiopresidenteibanez.cl\/web\/?p=4772"},"modified":"2019-06-04T00:52:03","modified_gmt":"2019-06-04T00:52:03","slug":"simulacro-de-incendio-en-la-base-aerea-antartica-presidente-eduardo-frei-montalva","status":"publish","type":"post","link":"https:\/\/www.radiopresidenteibanez.cl\/web\/simulacro-de-incendio-en-la-base-aerea-antartica-presidente-eduardo-frei-montalva\/","title":{"rendered":"SIMULACRO DE INCENDIO EN LA BASE A\u00c9REA ANT\u00c1RTICA PRESIDENTE EDUARDO FREI MONTALVA."},"content":{"rendered":"\n<p>En la Base A\u00e9rea Ant\u00e1rtica Presidente Eduardo\nFrei Montalva, se realiz\u00f3 un simulacro de incendio que permiti\u00f3 comprobar en\nterreno la coordinaci\u00f3n de los medios con que cuenta la base ante un eventual\nsiniestro de estas caracter\u00edsticas.<\/p>\n\n\n\n<p>De acuerdo a lo se\u00f1alado por el Comandante de\nla base, Comandante de Grupo (DA) H\u00e9ctor Contreras, el simulacro y la pr\u00e1ctica\ndel plan contra incendio resulto todo un \u00e9xito ya que permiti\u00f3 comprobar la\ncapacidad de respuesta ante este tipo de emergencias. <\/p>\n\n\n\n<p>El Comandante Contreras, destac\u00f3 la activa y comprometida participaci\u00f3n del personal Institucional y de la Direcci\u00f3n General de Aeron\u00e1utica Civil, aun cuando la sensaci\u00f3n t\u00e9rmica superaba los -22 grados C.<\/p>\n\n\n\n<figure class=\"wp-block-image\"><img loading=\"lazy\" decoding=\"async\" width=\"1024\" height=\"768\" src=\"https:\/\/www.radiopresidenteibanez.cl\/web\/wp-content\/uploads\/2019\/06\/1-1024x768.jpeg\" alt=\"\" class=\"wp-image-4773\" srcset=\"https:\/\/www.radiopresidenteibanez.cl\/web\/wp-content\/uploads\/2019\/06\/1-1024x768.jpeg 1024w, https:\/\/www.radiopresidenteibanez.cl\/web\/wp-content\/uploads\/2019\/06\/1-300x225.jpeg 300w, https:\/\/www.radiopresidenteibanez.cl\/web\/wp-content\/uploads\/2019\/06\/1-768x576.jpeg 768w, https:\/\/www.radiopresidenteibanez.cl\/web\/wp-content\/uploads\/2019\/06\/1.jpeg 1280w\" sizes=\"auto, (max-width: 1024px) 100vw, 1024px\" \/><\/figure>\n","protected":false},"excerpt":{"rendered":"<p>En la Base A\u00e9rea Ant\u00e1rtica Presidente Eduardo Frei Montalva, se realiz\u00f3 un simulacro de incendio que permiti\u00f3 comprobar en terreno la coordinaci\u00f3n de los medios con que cuenta la base&#8230; <a class=\"read-more\" href=\"https:\/\/www.radiopresidenteibanez.cl\/web\/simulacro-de-incendio-en-la-base-aerea-antartica-presidente-eduardo-frei-montalva\/\">Leer m\u00e1s<\/a><\/p>\n","protected":false},"author":2,"featured_media":4773,"comment_status":"closed","ping_status":"closed","sticky":false,"template":"","format":"standard","meta":{"footnotes":""},"categories":[1],"tags":[],"class_list":["post-4772","post","type-post","status-publish","format-standard","has-post-thumbnail","hentry","category-cronica"],"_links":{"self":[{"href":"https:\/\/www.radiopresidenteibanez.cl\/web\/wp-json\/wp\/v2\/posts\/4772","targetHints":{"allow":["GET"]}}],"collection":[{"href":"https:\/\/www.radiopresidenteibanez.cl\/web\/wp-json\/wp\/v2\/posts"}],"about":[{"href":"https:\/\/www.radiopresidenteibanez.cl\/web\/wp-json\/wp\/v2\/types\/post"}],"author":[{"embeddable":true,"href":"https:\/\/www.radiopresidenteibanez.cl\/web\/wp-json\/wp\/v2\/users\/2"}],"replies":[{"embeddable":true,"href":"https:\/\/www.radiopresidenteibanez.cl\/web\/wp-json\/wp\/v2\/comments?post=4772"}],"version-history":[{"count":0,"href":"https:\/\/www.radiopresidenteibanez.cl\/web\/wp-json\/wp\/v2\/posts\/4772\/revisions"}],"wp:featuredmedia":[{"embeddable":true,"href":"https:\/\/www.radiopresidenteibanez.cl\/web\/wp-json\/wp\/v2\/media\/4773"}],"wp:attachment":[{"href":"https:\/\/www.radiopresidenteibanez.cl\/web\/wp-json\/wp\/v2\/media?parent=4772"}],"wp:term":[{"taxonomy":"category","embeddable":true,"href":"https:\/\/www.radiopresidenteibanez.cl\/web\/wp-json\/wp\/v2\/categories?post=4772"},{"taxonomy":"post_tag","embeddable":true,"href":"https:\/\/www.radiopresidenteibanez.cl\/web\/wp-json\/wp\/v2\/tags?post=4772"}],"curies":[{"name":"wp","href":"https:\/\/api.w.org\/{rel}","templated":true}]}}