{"id":47711,"date":"2024-04-13T14:36:00","date_gmt":"2024-04-13T17:36:00","guid":{"rendered":"https:\/\/www.radiopresidenteibanez.cl\/web\/?p=47711"},"modified":"2024-04-12T14:11:37","modified_gmt":"2024-04-12T17:11:37","slug":"diputada-morales-solicito-al-director-nacional-de-nueva-educacion-publica-un-equipo-especializado-para-resolver-dificultades-en-el-slep-magallanes","status":"publish","type":"post","link":"https:\/\/www.radiopresidenteibanez.cl\/web\/diputada-morales-solicito-al-director-nacional-de-nueva-educacion-publica-un-equipo-especializado-para-resolver-dificultades-en-el-slep-magallanes\/","title":{"rendered":"Diputada Morales solicit\u00f3 al Director Nacional de Nueva Educaci\u00f3n P\u00fablica un equipo especializado para resolver dificultades en el SLEP Magallanes"},"content":{"rendered":"\n<p>Los profesores y asistentes de la educaci\u00f3n han denunciado diferentes problemas con el Servicio Local de Educaci\u00f3n P\u00fablica en Magallanes, dentro de los que se encuentran remuneraciones mal pagadas, datos mal ingresados de los funcionarios y falta de respuesta por parte del SLEP. Ante los hechos, en Natales se mantienen en una paralizaci\u00f3n de brazos ca\u00eddos y desde Punta Arenas se movilizaron el d\u00eda jueves en el marco del paro convocado por la CUT.<\/p>\n\n\n\n<p>En ese contexto, la parlamentaria Javiera Morales sostuvo una reuni\u00f3n con el Director Nacional de Nueva Educaci\u00f3n P\u00fablica, Rodrigo Ega\u00f1a, para plantearle la situaci\u00f3n que vive la regi\u00f3n y solicitarle que env\u00ede un equipo especial para que resuelva los inconvenientes que se han generado desde el traspaso oficial de la educaci\u00f3n p\u00fablica en la regi\u00f3n.<\/p>\n\n\n\n<p>\u201cFue una muy buena instancia, donde, al solicitarle un equipo especializado para abordar los problemas del SLEP, el director nacional se comprometi\u00f3 a que esto suceda durante la pr\u00f3xima semana para entregar soluciones, como en el correcto pago de remuneraciones\u201d, se\u00f1al\u00f3 la diputada tras la reuni\u00f3n.<\/p>\n\n\n\n<p>Tambi\u00e9n se convers\u00f3 en la cita el problema que ha generado en los deportistas de la regi\u00f3n la restricci\u00f3n del uso de gimnasios escolares por parte de los clubes y organizaciones deportivas. Se estima que son m\u00e1s de 12 mil deportistas que a\u00fan no pueden practicar y ya han visto perjudicado su rendimiento. Este tema tambi\u00e9n ser\u00e1 abordado por el equipo especial de Nueva Educaci\u00f3n P\u00fablica.<\/p>\n\n\n\n<p>Por \u00faltimo, la parlamentaria indic\u00f3 que \u201cvoy a hacer todas las gestiones que se requieran para que la educaci\u00f3n p\u00fablica funcione como corresponde en la regi\u00f3n de Magallanes. Espero que este equipo pueda resolver las principales urgencias que tienen los profesores y asistentes de la educaci\u00f3n, para que podamos concentrarnos en la calidad de la educaci\u00f3n al interior de las aulas, la infraestructura, entre otros temas\u201d.&nbsp;<\/p>\n","protected":false},"excerpt":{"rendered":"<p>Los profesores y asistentes de la educaci\u00f3n han denunciado diferentes problemas con el Servicio Local de Educaci\u00f3n P\u00fablica en Magallanes, dentro de los que se encuentran remuneraciones mal pagadas, datos&#8230; <a class=\"read-more\" href=\"https:\/\/www.radiopresidenteibanez.cl\/web\/diputada-morales-solicito-al-director-nacional-de-nueva-educacion-publica-un-equipo-especializado-para-resolver-dificultades-en-el-slep-magallanes\/\">Leer m\u00e1s<\/a><\/p>\n","protected":false},"author":2,"featured_media":47712,"comment_status":"closed","ping_status":"closed","sticky":false,"template":"","format":"standard","meta":{"footnotes":""},"categories":[1],"tags":[],"class_list":["post-47711","post","type-post","status-publish","format-standard","has-post-thumbnail","hentry","category-cronica"],"_links":{"self":[{"href":"https:\/\/www.radiopresidenteibanez.cl\/web\/wp-json\/wp\/v2\/posts\/47711","targetHints":{"allow":["GET"]}}],"collection":[{"href":"https:\/\/www.radiopresidenteibanez.cl\/web\/wp-json\/wp\/v2\/posts"}],"about":[{"href":"https:\/\/www.radiopresidenteibanez.cl\/web\/wp-json\/wp\/v2\/types\/post"}],"author":[{"embeddable":true,"href":"https:\/\/www.radiopresidenteibanez.cl\/web\/wp-json\/wp\/v2\/users\/2"}],"replies":[{"embeddable":true,"href":"https:\/\/www.radiopresidenteibanez.cl\/web\/wp-json\/wp\/v2\/comments?post=47711"}],"version-history":[{"count":0,"href":"https:\/\/www.radiopresidenteibanez.cl\/web\/wp-json\/wp\/v2\/posts\/47711\/revisions"}],"wp:featuredmedia":[{"embeddable":true,"href":"https:\/\/www.radiopresidenteibanez.cl\/web\/wp-json\/wp\/v2\/media\/47712"}],"wp:attachment":[{"href":"https:\/\/www.radiopresidenteibanez.cl\/web\/wp-json\/wp\/v2\/media?parent=47711"}],"wp:term":[{"taxonomy":"category","embeddable":true,"href":"https:\/\/www.radiopresidenteibanez.cl\/web\/wp-json\/wp\/v2\/categories?post=47711"},{"taxonomy":"post_tag","embeddable":true,"href":"https:\/\/www.radiopresidenteibanez.cl\/web\/wp-json\/wp\/v2\/tags?post=47711"}],"curies":[{"name":"wp","href":"https:\/\/api.w.org\/{rel}","templated":true}]}}