{"id":4769,"date":"2019-06-04T00:48:23","date_gmt":"2019-06-04T00:48:23","guid":{"rendered":"http:\/\/www.radiopresidenteibanez.cl\/web\/?p=4769"},"modified":"2019-06-04T00:48:50","modified_gmt":"2019-06-04T00:48:50","slug":"celebracion-del-3-aniversario-de-la-creacion-del-ministerio-de-la-mujer-y-la-equidad-de-genero-con-talleres-y-conversatorios-para-dar-a-conocer-la-agenda-mujer-en-san-gregorio-y-puerto-williams","status":"publish","type":"post","link":"https:\/\/www.radiopresidenteibanez.cl\/web\/celebracion-del-3-aniversario-de-la-creacion-del-ministerio-de-la-mujer-y-la-equidad-de-genero-con-talleres-y-conversatorios-para-dar-a-conocer-la-agenda-mujer-en-san-gregorio-y-puerto-williams\/","title":{"rendered":"CELEBRACI\u00d3N DEL 3\u00b0 ANIVERSARIO DE LA CREACI\u00d3N DEL MINISTERIO DE LA MUJER Y LA EQUIDAD DE G\u00c9NERO, CON TALLERES Y CONVERSATORIOS PARA DAR A CONOCER LA AGENDA MUJER EN SAN GREGORIO Y PUERTO WILLIAMS"},"content":{"rendered":"\n<p>Con activa participaci\u00f3n de las mujeres de las comunas de San\nGregorio y Puerto Williams el Ministerio de la Mujer y la Equidad de G\u00e9nero\ncelebr\u00f3 el 3\u00b0 aniversario de su creaci\u00f3n, el uno de junio de 2016. En ambas\ncomunas rurales se realizaron actividades para dar a conocer la Agenda Mujer que\nconsta de 22 compromisos que asume el Estado los cuales apuntan a lograr un\ncambio cultural mediante la concientizaci\u00f3n de que mujeres y hombres somos\niguales en dignidad, derechos y obligaciones, y que, por tanto, hombres y\nmujeres merecemos las mismas oportunidades educacionales, laborales y\nprofesionales para alcanzar la plena realizaci\u00f3n humana.&nbsp;&nbsp;&nbsp; <\/p>\n\n\n\n<p>Es as\u00ed como en las actividades desarrolladas por la\nProfesional de Apoyo de la Serem\u00eda Alejandra Ruiz Ovando con las mujeres de las\nlocalidades antes mencionadas, \u00e9stas fueron descubriendo; en un ejercicio de\n\u00abcompletar las oraciones\u00bb; cada una de las medidas y reformas legales\nque se est\u00e1n implementando para la igualdad de derechos y equidad de g\u00e9nero.&nbsp; De la misma forma, las pobladoras de San\nGregorio mantuvieron una conversaci\u00f3n franca y distendida con la Seremi de la\nMujer y la Equidad de G\u00e9nero, Patricia Mackenney Schmauk, mientras que las de\nPuerto Williams compartieron con la Directora Regional del Servicio Nacional de\nla Mujer y Equidad de G\u00e9nero Fabiola Garc\u00eda Pinto.<\/p>\n\n\n\n<p>Con las mujeres residentes de Puerto Williams, se valor\u00f3 la\ncreaci\u00f3n del Ministerio y en forma simb\u00f3lica se cant\u00f3 el cumplea\u00f1os feliz, y\ntambi\u00e9n se conocieron algunas de las necesidades de las mujeres de ese\nterritorio.<\/p>\n\n\n\n<p>El Ministerio de la Mujer y la Equidad de G\u00e9nero, ha\nimplementado una serie de medidas y se ha fijado metas en el marco de la Agenda\nMujer.&nbsp; Algunas de estas medidas ya se\nhan materializado; por ejemplo:<\/p>\n\n\n\n<p>&#8211; Instructivo Presidencial en materia de acoso para la\nprevenci\u00f3n y denuncia del acoso laboral y sexual en servicios del Estado.<\/p>\n\n\n\n<p>-Ley que establece el derecho a Fuero Maternal para funcionarios\nde FFAA y de Orden y Seguridad P\u00fablica.&nbsp; <\/p>\n\n\n\n<p>-Ley de Lactancia Materna, la cual, consagra el derecho de\namamantamiento libre en espacios p\u00fablicos y sanciona a quien prive este derecho.\n<\/p>\n\n\n\n<p>-Ley de Universidades del Estado que extiende la prevenci\u00f3n y\nprohibici\u00f3n de los actos de acoso sexual\u2026 y otras que est\u00e1n en proyecto. <\/p>\n\n\n\n<p>Por ejemplo:<\/p>\n\n\n\n<p>&#8211; Reforma\nConstitucional que establece el deber del Estado de respetar y promover la\nigualdad de derechos y dignidad entre hombres y mujeres.<\/p>\n\n\n\n<p>&#8211; Ley\nque pone fin al impedimento de contraer segundas nupcias a las mujeres, antes\nde 270 d\u00edas de disuelto el v\u00ednculo anterior.<\/p>\n\n\n\n<p>&#8211; Ley\nde Sala Cuna, el cual establece el derecho a sala cuna para todas las\ntrabajadoras dependientes, independientes y de casa particular.<\/p>\n\n\n\n<p>&#8211; Ley Trabajo a Distancia, reforma que promueve la mejor conciliaci\u00f3n del trabajo y la familia\u2026\u00a0 entre otras.<\/p>\n\n\n\n<figure class=\"wp-block-image\"><img loading=\"lazy\" decoding=\"async\" width=\"1024\" height=\"505\" src=\"https:\/\/www.radiopresidenteibanez.cl\/web\/wp-content\/uploads\/2019\/06\/sernameg-williams-1024x505.jpg\" alt=\"\" class=\"wp-image-4770\" srcset=\"https:\/\/www.radiopresidenteibanez.cl\/web\/wp-content\/uploads\/2019\/06\/sernameg-williams.jpg 1024w, https:\/\/www.radiopresidenteibanez.cl\/web\/wp-content\/uploads\/2019\/06\/sernameg-williams-300x148.jpg 300w, https:\/\/www.radiopresidenteibanez.cl\/web\/wp-content\/uploads\/2019\/06\/sernameg-williams-768x379.jpg 768w\" sizes=\"auto, (max-width: 1024px) 100vw, 1024px\" \/><\/figure>\n","protected":false},"excerpt":{"rendered":"<p>Con activa participaci\u00f3n de las mujeres de las comunas de San Gregorio y Puerto Williams el Ministerio de la Mujer y la Equidad de G\u00e9nero celebr\u00f3 el 3\u00b0 aniversario de&#8230; <a class=\"read-more\" href=\"https:\/\/www.radiopresidenteibanez.cl\/web\/celebracion-del-3-aniversario-de-la-creacion-del-ministerio-de-la-mujer-y-la-equidad-de-genero-con-talleres-y-conversatorios-para-dar-a-conocer-la-agenda-mujer-en-san-gregorio-y-puerto-williams\/\">Leer m\u00e1s<\/a><\/p>\n","protected":false},"author":2,"featured_media":4770,"comment_status":"closed","ping_status":"closed","sticky":false,"template":"","format":"standard","meta":{"footnotes":""},"categories":[1],"tags":[],"class_list":["post-4769","post","type-post","status-publish","format-standard","has-post-thumbnail","hentry","category-cronica"],"_links":{"self":[{"href":"https:\/\/www.radiopresidenteibanez.cl\/web\/wp-json\/wp\/v2\/posts\/4769","targetHints":{"allow":["GET"]}}],"collection":[{"href":"https:\/\/www.radiopresidenteibanez.cl\/web\/wp-json\/wp\/v2\/posts"}],"about":[{"href":"https:\/\/www.radiopresidenteibanez.cl\/web\/wp-json\/wp\/v2\/types\/post"}],"author":[{"embeddable":true,"href":"https:\/\/www.radiopresidenteibanez.cl\/web\/wp-json\/wp\/v2\/users\/2"}],"replies":[{"embeddable":true,"href":"https:\/\/www.radiopresidenteibanez.cl\/web\/wp-json\/wp\/v2\/comments?post=4769"}],"version-history":[{"count":0,"href":"https:\/\/www.radiopresidenteibanez.cl\/web\/wp-json\/wp\/v2\/posts\/4769\/revisions"}],"wp:featuredmedia":[{"embeddable":true,"href":"https:\/\/www.radiopresidenteibanez.cl\/web\/wp-json\/wp\/v2\/media\/4770"}],"wp:attachment":[{"href":"https:\/\/www.radiopresidenteibanez.cl\/web\/wp-json\/wp\/v2\/media?parent=4769"}],"wp:term":[{"taxonomy":"category","embeddable":true,"href":"https:\/\/www.radiopresidenteibanez.cl\/web\/wp-json\/wp\/v2\/categories?post=4769"},{"taxonomy":"post_tag","embeddable":true,"href":"https:\/\/www.radiopresidenteibanez.cl\/web\/wp-json\/wp\/v2\/tags?post=4769"}],"curies":[{"name":"wp","href":"https:\/\/api.w.org\/{rel}","templated":true}]}}