{"id":47687,"date":"2024-04-12T11:48:00","date_gmt":"2024-04-12T14:48:00","guid":{"rendered":"https:\/\/www.radiopresidenteibanez.cl\/web\/?p=47687"},"modified":"2024-04-12T09:52:27","modified_gmt":"2024-04-12T12:52:27","slug":"pedagogia-en-ingles-de-la-umag-realiza-primera-charla-de-actualizacion-de-tematicas-inclusivas-lgbtiqa","status":"publish","type":"post","link":"https:\/\/www.radiopresidenteibanez.cl\/web\/pedagogia-en-ingles-de-la-umag-realiza-primera-charla-de-actualizacion-de-tematicas-inclusivas-lgbtiqa\/","title":{"rendered":"PEDAGOGIA EN INGLES DE LA UMAG REALIZA PRIMERA CHARLA DE ACTUALIZACION DE TEMATICAS INCLUSIVAS LGBTIQA+"},"content":{"rendered":"\n<p>Recientemente, la Carrera de Pedagog\u00eda en Ingl\u00e9s de la Universidad de Magallanes (UMAG) marc\u00f3 un hito, al llevar a cabo, la primera charla de actualizaci\u00f3n sobre tem\u00e1ticas inclusivas LGBTIQA+. En el Auditorio Ernesto Livacic, estudiantes y profesionales de Pedagog\u00eda se congregaron para participar en esta significativa iniciativa.<\/p>\n\n\n\n<p>La actividad titulada \u00abConvirtiendo aulas en espacios seguros\u00bb, fue organizada en colaboraci\u00f3n con la Corporaci\u00f3n Liberando Colores, y cont\u00f3 con la destacada participaci\u00f3n de tres expertos en la materia. Entre ellos, el activista&nbsp;<strong>Rodrigo Llano Orellana<\/strong>, quien se desempe\u00f1a como Presidente y Directivo de Administraci\u00f3n en Liberando Colores; el psic\u00f3logo&nbsp;<strong>Hans Oyarzo Miranda<\/strong>, Directivo de Bienestar y Gesti\u00f3n de Redes en la misma corporaci\u00f3n; y la psicopedagoga y educadora diferencial&nbsp;<strong>Roc\u00edo Carrasco Ugalde<\/strong>, quien lidera el \u00c1rea de Educaci\u00f3n de Liberando Colores.<\/p>\n\n\n\n<p>Los y la exponente, expertos en los \u00e1mbitos de g\u00e9nero, salud mental y educaci\u00f3n, tuvieron como objetivo principal capacitar a las y los estudiantes de la UMAG para que puedan crear entornos seguros en las aulas donde ejerzan su labor docente. Los temas abordados, por ello, giraron en torno a aspectos fundamentales de la identidad humana, la salud mental en la diversidad sexogen\u00e9rica en el \u00e1mbito escolar, y la creaci\u00f3n de espacios seguros para todas y todos los estudiantes.<\/p>\n\n\n\n<p>Esta iniciativa se alinea con las pol\u00edticas de educaci\u00f3n inclusiva promovidas por el Ministerio de Educaci\u00f3n, las cuales buscan garantizar los derechos de todos los ni\u00f1os, ni\u00f1as y adolescentes, previniendo situaciones de maltrato y promoviendo un acceso equitativo a la educaci\u00f3n. Adem\u00e1s, para la Corporaci\u00f3n Liberando Colores responde a la necesidad de crear m\u00e1s espacios para las diversas identidades sexuales y de g\u00e9nero en la regi\u00f3n de Magallanes, reconociendo las hist\u00f3ricas vulneraciones que han enfrentado a nivel nacional y regional.<\/p>\n\n\n\n<p>Para la y los docentes organizadores, la charla no solo represent\u00f3 un paso importante en la sensibilizaci\u00f3n y formaci\u00f3n de futuros docentes, sino tambi\u00e9n un compromiso activo hacia una educaci\u00f3n m\u00e1s inclusiva y respetuosa con la diversidad de sus estudiantes.<\/p>\n","protected":false},"excerpt":{"rendered":"<p>Recientemente, la Carrera de Pedagog\u00eda en Ingl\u00e9s de la Universidad de Magallanes (UMAG) marc\u00f3 un hito, al llevar a cabo, la primera charla de actualizaci\u00f3n sobre tem\u00e1ticas inclusivas LGBTIQA+. En&#8230; <a class=\"read-more\" href=\"https:\/\/www.radiopresidenteibanez.cl\/web\/pedagogia-en-ingles-de-la-umag-realiza-primera-charla-de-actualizacion-de-tematicas-inclusivas-lgbtiqa\/\">Leer m\u00e1s<\/a><\/p>\n","protected":false},"author":2,"featured_media":47688,"comment_status":"closed","ping_status":"closed","sticky":false,"template":"","format":"standard","meta":{"footnotes":""},"categories":[1],"tags":[],"class_list":["post-47687","post","type-post","status-publish","format-standard","has-post-thumbnail","hentry","category-cronica"],"_links":{"self":[{"href":"https:\/\/www.radiopresidenteibanez.cl\/web\/wp-json\/wp\/v2\/posts\/47687","targetHints":{"allow":["GET"]}}],"collection":[{"href":"https:\/\/www.radiopresidenteibanez.cl\/web\/wp-json\/wp\/v2\/posts"}],"about":[{"href":"https:\/\/www.radiopresidenteibanez.cl\/web\/wp-json\/wp\/v2\/types\/post"}],"author":[{"embeddable":true,"href":"https:\/\/www.radiopresidenteibanez.cl\/web\/wp-json\/wp\/v2\/users\/2"}],"replies":[{"embeddable":true,"href":"https:\/\/www.radiopresidenteibanez.cl\/web\/wp-json\/wp\/v2\/comments?post=47687"}],"version-history":[{"count":0,"href":"https:\/\/www.radiopresidenteibanez.cl\/web\/wp-json\/wp\/v2\/posts\/47687\/revisions"}],"wp:featuredmedia":[{"embeddable":true,"href":"https:\/\/www.radiopresidenteibanez.cl\/web\/wp-json\/wp\/v2\/media\/47688"}],"wp:attachment":[{"href":"https:\/\/www.radiopresidenteibanez.cl\/web\/wp-json\/wp\/v2\/media?parent=47687"}],"wp:term":[{"taxonomy":"category","embeddable":true,"href":"https:\/\/www.radiopresidenteibanez.cl\/web\/wp-json\/wp\/v2\/categories?post=47687"},{"taxonomy":"post_tag","embeddable":true,"href":"https:\/\/www.radiopresidenteibanez.cl\/web\/wp-json\/wp\/v2\/tags?post=47687"}],"curies":[{"name":"wp","href":"https:\/\/api.w.org\/{rel}","templated":true}]}}