{"id":47665,"date":"2024-04-11T13:13:00","date_gmt":"2024-04-11T16:13:00","guid":{"rendered":"https:\/\/www.radiopresidenteibanez.cl\/web\/?p=47665"},"modified":"2024-04-11T11:13:30","modified_gmt":"2024-04-11T14:13:30","slug":"nueva-lamina-educativa-invita-a-descubrir-los-peces-de-la-antartica","status":"publish","type":"post","link":"https:\/\/www.radiopresidenteibanez.cl\/web\/nueva-lamina-educativa-invita-a-descubrir-los-peces-de-la-antartica\/","title":{"rendered":"NUEVA LAMINA EDUCATIVA INVITA A DESCUBRIR LOS PECES DE LA ANTARTICA"},"content":{"rendered":"\n<p>Este mi\u00e9rcoles el Instituto Ant\u00e1rtico Chileno (INACH), en colaboraci\u00f3n con el Instituto Milenio de Biodiversidad de Ecosistemas Ant\u00e1rticos y Subant\u00e1rticos (Instituto Milenio BASE) y el Centro Fondap IDEAL, present\u00f3 una nueva l\u00e1mina educativa sobre peces ant\u00e1rticos, un recurso educativo dise\u00f1ado especialmente para enriquecer la comprensi\u00f3n del ecosistema polar entre estudiantes de educaci\u00f3n media.<\/p>\n\n\n\n<p>La l\u00e1mina brinda informaci\u00f3n valiosa sobre la gran diversidad de peces del oc\u00e9ano Austral. Seg\u00fan el \u00faltimo Censo de la Vida Marina, este ecosistema es uno de los m\u00e1s diversos del mundo con m\u00e1s de 17.000 especies identificadas, de las cuales 374 corresponden a peces, siendo el suborden Notothenioidei o notot\u00e9nidos los m\u00e1s predominantes en esta regi\u00f3n. Estos peces, altamente adaptados a las condiciones polares, son cruciales en la trama tr\u00f3fica polar al conectar la micro y macrofauna.<\/p>\n\n\n\n<p>Para destacar esta publicaci\u00f3n se realizaron actividades de manera simult\u00e1nea en Punta Arenas y Valdivia. En la primera de estas ciudades, se desarroll\u00f3 el taller \u201cDescubriendo a los peces ant\u00e1rticos\u201d con los estudiantes del Colegio Juan Bautista Contardi, mientras que en la capital de la regi\u00f3n de Los R\u00edos se efectu\u00f3 el taller \u201c\u00bfC\u00f3mo sobreviven los peces bajo el hielo ant\u00e1rtico\u201d en el Colegio Master College.<\/p>\n\n\n\n<p>La actividad de Valdivia estuvo a cargo de la Dra. Julia Saravia y la Dra. Valentina Bernallas, investigadoras del Instituto Milenio BASE y del Laboratorio de Gen\u00f3mica y Ecolog\u00eda Molecular Ant\u00e1rtica y subant\u00e1rtica (LAGEMAS) de la Universidad Austral de Chile (UACh). Ellas compartieron conocimientos sobre los peces ant\u00e1rticos y realizaron actividades interactivas junto a los estudiantes. Ambas investigadoras trabajaron junto al equipo de INACH como contraparte cient\u00edfica de la l\u00e1mina de peces.<\/p>\n\n\n\n<p>Constanza Jim\u00e9nez, bi\u00f3loga marina del \u00e1rea de Educaci\u00f3n Ant\u00e1rtica del INACH y principal gestora de esta l\u00e1mina educativa, considera que esta iniciativa representa una oportunidad para las comunidades escolares para aprender sobre estas asombrosas especies. \u201cEste material educativo marca un hito al ser el primero lanzado por INACH en este a\u00f1o escolar y es un paso m\u00e1s hacia la sensibilizaci\u00f3n y el conocimiento de la riqueza natural de la Ant\u00e1rtica\u201d, expres\u00f3. Jim\u00e9nez agradeci\u00f3 la colaboraci\u00f3n brindada por distintas instituciones y profesionales para que este contenido pudiera salir a la luz.<\/p>\n\n\n\n<p>\u201cEstos peces poseen caracter\u00edsticas \u00fanicas que son consecuencia de millones de a\u00f1os de evoluci\u00f3n en las condiciones fr\u00edas y estables del oc\u00e9ano Austral. Todos ellos poseen prote\u00ednas anticongelantes, algunos carecen de hemoglobina en su sangre y otros exhiben patrones de conducta muy interesantes de estudiar. Son adaptaciones que nos permiten no solo entender su evoluci\u00f3n y su vulnerabilidad, sino que tambi\u00e9n nos ayudan a comparar con otros grupos de especies\u201d, se\u00f1ala la Dra. Julia Saravia, quien tambi\u00e9n es investigadora del Centro IDEAL y miembro de Apecs Chile.<\/p>\n\n\n\n<p>Por su parte, la Dra. Valentina Bernal, tambi\u00e9n miembro de Apecs Chile, agrega que \u201cesimportante estudiarlos porque est\u00e1n tan adaptados a vivir en Ant\u00e1rtica, un ambiente fr\u00edo y aislado, que son susceptibles a los cambios ambientales. Son m\u00e1s fr\u00e1giles a aumentos de temperatura y efectos del cambio clim\u00e1tico y por eso es importante saber c\u00f3mo es que estas adaptaciones, que alguna vez fue una ventaja para su diversificaci\u00f3n y desarrollo, hoy pueden ser una desventaja\u201d.<\/p>\n\n\n\n<p>Este recurso educativo se encuentra disponible de forma gratuita en el sitio web de INACH www.inach.cl, secci\u00f3n Publicaciones.<\/p>\n\n\n\n<p>El INACH es un organismo t\u00e9cnico del Ministerio de Relaciones Exteriores con plena autonom\u00eda en todo lo relacionado con asuntos ant\u00e1rticos de car\u00e1cter cient\u00edfico, tecnol\u00f3gico y de difusi\u00f3n. El INACH cumple con la Pol\u00edtica Ant\u00e1rtica Nacional incentivando el desarrollo de la investigaci\u00f3n de excelencia, participando efectivamente en el Sistema del Tratado Ant\u00e1rtico y foros relacionados, fortaleciendo a Magallanes como puerta de entrada al Continente Blanco y realizando acciones de divulgaci\u00f3n del conocimiento ant\u00e1rtico en la ciudadan\u00eda.<\/p>\n","protected":false},"excerpt":{"rendered":"<p>Este mi\u00e9rcoles el Instituto Ant\u00e1rtico Chileno (INACH), en colaboraci\u00f3n con el Instituto Milenio de Biodiversidad de Ecosistemas Ant\u00e1rticos y Subant\u00e1rticos (Instituto Milenio BASE) y el Centro Fondap IDEAL, present\u00f3 una&#8230; <a class=\"read-more\" href=\"https:\/\/www.radiopresidenteibanez.cl\/web\/nueva-lamina-educativa-invita-a-descubrir-los-peces-de-la-antartica\/\">Leer m\u00e1s<\/a><\/p>\n","protected":false},"author":2,"featured_media":47666,"comment_status":"closed","ping_status":"closed","sticky":false,"template":"","format":"standard","meta":{"footnotes":""},"categories":[1],"tags":[],"class_list":["post-47665","post","type-post","status-publish","format-standard","has-post-thumbnail","hentry","category-cronica"],"_links":{"self":[{"href":"https:\/\/www.radiopresidenteibanez.cl\/web\/wp-json\/wp\/v2\/posts\/47665","targetHints":{"allow":["GET"]}}],"collection":[{"href":"https:\/\/www.radiopresidenteibanez.cl\/web\/wp-json\/wp\/v2\/posts"}],"about":[{"href":"https:\/\/www.radiopresidenteibanez.cl\/web\/wp-json\/wp\/v2\/types\/post"}],"author":[{"embeddable":true,"href":"https:\/\/www.radiopresidenteibanez.cl\/web\/wp-json\/wp\/v2\/users\/2"}],"replies":[{"embeddable":true,"href":"https:\/\/www.radiopresidenteibanez.cl\/web\/wp-json\/wp\/v2\/comments?post=47665"}],"version-history":[{"count":0,"href":"https:\/\/www.radiopresidenteibanez.cl\/web\/wp-json\/wp\/v2\/posts\/47665\/revisions"}],"wp:featuredmedia":[{"embeddable":true,"href":"https:\/\/www.radiopresidenteibanez.cl\/web\/wp-json\/wp\/v2\/media\/47666"}],"wp:attachment":[{"href":"https:\/\/www.radiopresidenteibanez.cl\/web\/wp-json\/wp\/v2\/media?parent=47665"}],"wp:term":[{"taxonomy":"category","embeddable":true,"href":"https:\/\/www.radiopresidenteibanez.cl\/web\/wp-json\/wp\/v2\/categories?post=47665"},{"taxonomy":"post_tag","embeddable":true,"href":"https:\/\/www.radiopresidenteibanez.cl\/web\/wp-json\/wp\/v2\/tags?post=47665"}],"curies":[{"name":"wp","href":"https:\/\/api.w.org\/{rel}","templated":true}]}}