{"id":4766,"date":"2019-06-04T00:45:23","date_gmt":"2019-06-04T00:45:23","guid":{"rendered":"http:\/\/www.radiopresidenteibanez.cl\/web\/?p=4766"},"modified":"2019-06-04T00:45:49","modified_gmt":"2019-06-04T00:45:49","slug":"con-el-apoyo-operativo-de-aguas-magallanes-bomberos-de-porvenir-iniciara-campana-de-socios-junto-a-comunidad-fueguina","status":"publish","type":"post","link":"https:\/\/www.radiopresidenteibanez.cl\/web\/con-el-apoyo-operativo-de-aguas-magallanes-bomberos-de-porvenir-iniciara-campana-de-socios-junto-a-comunidad-fueguina\/","title":{"rendered":"CON EL APOYO OPERATIVO DE AGUAS MAGALLANES: BOMBEROS DE PORVENIR INICIAR\u00c1 CAMPA\u00d1A DE SOCIOS JUNTO A COMUNIDAD FUEGUINA"},"content":{"rendered":"\n<p>Acompa\u00f1ados de autoridades de Gobierno, representantes de carabineros, armada, representantes del sector industrial, de servicios p\u00fablicos, vecinos y medios de comunicaci\u00f3n, este jueves 30 de mayo se concret\u00f3 la firma del convenio de colaboraci\u00f3n en favor de bomberos, que permitir\u00e1 a los vecinos de Porvenir realizar aportes voluntarios a trav\u00e9s de la boleta de pago de Aguas Magallanes.<\/p>\n\n\n\n<p>\u201cNos sentimos orgullosos de poner a disposici\u00f3n de Bomberos de Porvenir, sin cobro, ni comisi\u00f3n alguna, nuestro soporte de recaudaci\u00f3n. Hemos tenido la posibilidad de conocer la gran labor que realizan en el combate de incendios y emergencias, ayudando desinteresadamente no solo a los vecinos de Porvenir, sino tambi\u00e9n en toda Tierra del Fuego\u201d, destac\u00f3 Christian Adema Galetovic, gerente regional de Aguas Magallanes.<\/p>\n\n\n\n<p>Por su parte, la m\u00e1xima autoridad provincial, gobernadora Margarita Norambuena, destac\u00f3 la iniciativa, se\u00f1alando que, \u201ces una manera importante de proveer de fondos tan necesarios a Bomberos. Ustedes saben que nadie est\u00e1 libre de que le pueda ocurrir una desgracia, por lo que llamo a todos a sumarse\u201d.<\/p>\n\n\n\n<p>En tanto, el vicesuperintendente del Cuerpo de Bomberos de Porvenir, Claudio Carrillo Alarc\u00f3n, durante la ceremonia de firma del convenio, destac\u00f3 la solidaridad de los porvenire\u00f1os, agregando que, \u201ces muy importante que la comunidad se haga parte de esta colaboraci\u00f3n. Necesitamos su aporte y nos vemos en la obligaci\u00f3n de llamar a nuestros vecinos a colaborar por lo que esperamos tener una buena acogida\u201d, se\u00f1al\u00f3.<\/p>\n\n\n\n<p>Palabras que fueron apoyadas por Ilsa Jerez, la primera fueguina en suscribirse para realizar su aporte a trav\u00e9s de la boleta. \u201cA m\u00ed me lleg\u00f3 mucho el mensaje de Bomberos. Es un deber apoyar el trabajo de la instituci\u00f3n\u201d, afirm\u00f3.<\/p>\n\n\n\n<p>De esta forma, la compa\u00f1\u00eda pone a disposici\u00f3n un nuevo canal de recaudaci\u00f3n para el Cuerpo de Bomberos de Porvenir, quienes ser\u00e1n los \u00fanicos autorizados para incorporar socios a esta campa\u00f1a. Para ello se deber\u00e1 completar un formulario de aceptaci\u00f3n del aporte voluntario, adjuntar una copia de la c\u00e9dula de identidad, una copia de la boleta de agua y finalmente el visto bueno del cuerpo de Bomberos, antes de remitir la informaci\u00f3n a Aguas Magallanes. \u201cBomberos visitar\u00e1 los domicilios o convocar\u00e1 a los vecinos en un solo punto\u201d, agreg\u00f3 el administrador de Aguas Magallanes en Porvenir, Claudio Garc\u00eda.\u00a0<\/p>\n\n\n\n<figure class=\"wp-block-image\"><img loading=\"lazy\" decoding=\"async\" width=\"1024\" height=\"367\" src=\"https:\/\/www.radiopresidenteibanez.cl\/web\/wp-content\/uploads\/2019\/06\/Convenio-Bomberos-Porvenir_Aguas-Magallanes-1024x367.png\" alt=\"\" class=\"wp-image-4767\" srcset=\"https:\/\/www.radiopresidenteibanez.cl\/web\/wp-content\/uploads\/2019\/06\/Convenio-Bomberos-Porvenir_Aguas-Magallanes-1024x367.png 1024w, https:\/\/www.radiopresidenteibanez.cl\/web\/wp-content\/uploads\/2019\/06\/Convenio-Bomberos-Porvenir_Aguas-Magallanes-300x107.png 300w, https:\/\/www.radiopresidenteibanez.cl\/web\/wp-content\/uploads\/2019\/06\/Convenio-Bomberos-Porvenir_Aguas-Magallanes-768x275.png 768w, https:\/\/www.radiopresidenteibanez.cl\/web\/wp-content\/uploads\/2019\/06\/Convenio-Bomberos-Porvenir_Aguas-Magallanes.png 1117w\" sizes=\"auto, (max-width: 1024px) 100vw, 1024px\" \/><\/figure>\n","protected":false},"excerpt":{"rendered":"<p>Acompa\u00f1ados de autoridades de Gobierno, representantes de carabineros, armada, representantes del sector industrial, de servicios p\u00fablicos, vecinos y medios de comunicaci\u00f3n, este jueves 30 de mayo se concret\u00f3 la firma&#8230; <a class=\"read-more\" href=\"https:\/\/www.radiopresidenteibanez.cl\/web\/con-el-apoyo-operativo-de-aguas-magallanes-bomberos-de-porvenir-iniciara-campana-de-socios-junto-a-comunidad-fueguina\/\">Leer m\u00e1s<\/a><\/p>\n","protected":false},"author":2,"featured_media":4767,"comment_status":"closed","ping_status":"closed","sticky":false,"template":"","format":"standard","meta":{"footnotes":""},"categories":[1],"tags":[],"class_list":["post-4766","post","type-post","status-publish","format-standard","has-post-thumbnail","hentry","category-cronica"],"_links":{"self":[{"href":"https:\/\/www.radiopresidenteibanez.cl\/web\/wp-json\/wp\/v2\/posts\/4766","targetHints":{"allow":["GET"]}}],"collection":[{"href":"https:\/\/www.radiopresidenteibanez.cl\/web\/wp-json\/wp\/v2\/posts"}],"about":[{"href":"https:\/\/www.radiopresidenteibanez.cl\/web\/wp-json\/wp\/v2\/types\/post"}],"author":[{"embeddable":true,"href":"https:\/\/www.radiopresidenteibanez.cl\/web\/wp-json\/wp\/v2\/users\/2"}],"replies":[{"embeddable":true,"href":"https:\/\/www.radiopresidenteibanez.cl\/web\/wp-json\/wp\/v2\/comments?post=4766"}],"version-history":[{"count":0,"href":"https:\/\/www.radiopresidenteibanez.cl\/web\/wp-json\/wp\/v2\/posts\/4766\/revisions"}],"wp:featuredmedia":[{"embeddable":true,"href":"https:\/\/www.radiopresidenteibanez.cl\/web\/wp-json\/wp\/v2\/media\/4767"}],"wp:attachment":[{"href":"https:\/\/www.radiopresidenteibanez.cl\/web\/wp-json\/wp\/v2\/media?parent=4766"}],"wp:term":[{"taxonomy":"category","embeddable":true,"href":"https:\/\/www.radiopresidenteibanez.cl\/web\/wp-json\/wp\/v2\/categories?post=4766"},{"taxonomy":"post_tag","embeddable":true,"href":"https:\/\/www.radiopresidenteibanez.cl\/web\/wp-json\/wp\/v2\/tags?post=4766"}],"curies":[{"name":"wp","href":"https:\/\/api.w.org\/{rel}","templated":true}]}}