{"id":47609,"date":"2024-04-09T09:31:00","date_gmt":"2024-04-09T12:31:00","guid":{"rendered":"https:\/\/www.radiopresidenteibanez.cl\/web\/?p=47609"},"modified":"2024-04-09T08:35:57","modified_gmt":"2024-04-09T11:35:57","slug":"fiesta-de-la-limpieza-celebro-su-decimo-aniversario-con-la-recoleccion-de-mas-de-200-kilos-de-basura","status":"publish","type":"post","link":"https:\/\/www.radiopresidenteibanez.cl\/web\/fiesta-de-la-limpieza-celebro-su-decimo-aniversario-con-la-recoleccion-de-mas-de-200-kilos-de-basura\/","title":{"rendered":"FIESTA DE LA LIMPIEZA CELEBRO SU DECIMO ANIVERSARIO CON LA RECOLECCION DE MAS DE 200 KILOS DE BASURA"},"content":{"rendered":"\n<p>Motivados por mitigar el impacto y limpiar los residuos que genera<br>la actividad tur\u00edstica, hace 10 a\u00f1os gu\u00edas de turismo y guardaparques recorrieron por<br>primera vez los senderos de Torres del Paine, iniciando as\u00ed \u00abLa Fiesta de la Limpieza\u00bb.<br>Hoy la actividad que, hist\u00f3ricamente, se ha realizado en el Parque Nacional Torres del<br>Paine se traslad\u00f3 al sur de Punta Arenas, espec\u00edficamente en la Reserva Parrillar y el<br>Sendero al Faro San Isidro.<br>\u201cEs la primera vez que podemos exportar desde la provincia de \u00daltima Esperanza,<br>b\u00e1sicamente, desde la comuna de Torres del Paine, nuestra iniciativa a la provincia de<br>Magallanes. Ojal\u00e1, podamos hacer muchas cosas m\u00e1s bajo el alero de las c\u00e1maras de<br>turismo\u201d, coment\u00f3 el gu\u00eda y encargado de relaciones p\u00fablicas de la organizaci\u00f3n, Javier<br>Rogel.<br>Esta edici\u00f3n, programada para un intenso d\u00eda de acci\u00f3n medioambiental, cont\u00f3 con la<br>participaci\u00f3n de 31 voluntarios del Instituto Santo Tom\u00e1s, quienes estuvieron<br>acompa\u00f1ados por cuatro l\u00edderes experimentados en la causa ambiental, que recorrieron<br>los senderos recolectando desechos.<br>La Fiesta de la Limpieza ha logrado este a\u00f1o el apoyo de importantes entidades como la asociaci\u00f3n<br>Magall\u00e1nica de Empresas de Turismo&nbsp;Austro Chile y la Ilustre Municipalidad de Punta Arenas,<br>quienes se han sumado a esta causa reconociendo la importancia de la conservaci\u00f3n<br>ambiental y la promoci\u00f3n de un turismo sostenible en la regi\u00f3n.<br>\u201cEl estrecho es parte de la identidad de Magallanes, no solo es relevante por su historia,<br>sino por lo que representa para los magall\u00e1nicos. Este patrimonio debemos mantenerlo<br>limpio. Por eso, como Austro Chile, nos sumamos a esta iniciativa que fomenta el cuidado<br>del medio ambiente, el resguardo de nuestro patrimonio, y compromiso y respeto del<br>sector turismo con su entorno\u201d, destac\u00f3 Ximena Castro, una de las directoras de Austro<br>Chile y quien adem\u00e1s representa al Parque del Estrecho de Magallanes, una de las<br>empresas participantes de la c\u00e1mara.<br>En total, durante el trayecto lograron recolectar m\u00e1s de 200 kilos de basura, las que<br>fueron retiradas por la Ilustre Municipalidad de Punta Arenas.<br>Las empresas participantes, de parte de la C\u00e1mara de Turismo Regional Austro Chile<br>fueron: Universidad Santo Tom\u00e1s, Hotel Jos\u00e9 Nogueira, Turismo Y\u00e1mana, Solo<br>Expediciones, Parque del Estrecho de Magallanes, Restaurante Okusa, Apart Hotel<br>Patagonia, Aerov\u00edas Dap, Hotel Cabo de Hornos y Tabsa.<\/p>\n\n\n\n<p>Un evento importante que demuestra el poder de la acci\u00f3n comunitaria en la protecci\u00f3n y<br>mejora de nuestro entorno natural.<\/p>\n","protected":false},"excerpt":{"rendered":"<p>Motivados por mitigar el impacto y limpiar los residuos que generala actividad tur\u00edstica, hace 10 a\u00f1os gu\u00edas de turismo y guardaparques recorrieron porprimera vez los senderos de Torres del Paine,&#8230; <a class=\"read-more\" href=\"https:\/\/www.radiopresidenteibanez.cl\/web\/fiesta-de-la-limpieza-celebro-su-decimo-aniversario-con-la-recoleccion-de-mas-de-200-kilos-de-basura\/\">Leer m\u00e1s<\/a><\/p>\n","protected":false},"author":2,"featured_media":47610,"comment_status":"closed","ping_status":"closed","sticky":false,"template":"","format":"standard","meta":{"footnotes":""},"categories":[1],"tags":[],"class_list":["post-47609","post","type-post","status-publish","format-standard","has-post-thumbnail","hentry","category-cronica"],"_links":{"self":[{"href":"https:\/\/www.radiopresidenteibanez.cl\/web\/wp-json\/wp\/v2\/posts\/47609","targetHints":{"allow":["GET"]}}],"collection":[{"href":"https:\/\/www.radiopresidenteibanez.cl\/web\/wp-json\/wp\/v2\/posts"}],"about":[{"href":"https:\/\/www.radiopresidenteibanez.cl\/web\/wp-json\/wp\/v2\/types\/post"}],"author":[{"embeddable":true,"href":"https:\/\/www.radiopresidenteibanez.cl\/web\/wp-json\/wp\/v2\/users\/2"}],"replies":[{"embeddable":true,"href":"https:\/\/www.radiopresidenteibanez.cl\/web\/wp-json\/wp\/v2\/comments?post=47609"}],"version-history":[{"count":0,"href":"https:\/\/www.radiopresidenteibanez.cl\/web\/wp-json\/wp\/v2\/posts\/47609\/revisions"}],"wp:featuredmedia":[{"embeddable":true,"href":"https:\/\/www.radiopresidenteibanez.cl\/web\/wp-json\/wp\/v2\/media\/47610"}],"wp:attachment":[{"href":"https:\/\/www.radiopresidenteibanez.cl\/web\/wp-json\/wp\/v2\/media?parent=47609"}],"wp:term":[{"taxonomy":"category","embeddable":true,"href":"https:\/\/www.radiopresidenteibanez.cl\/web\/wp-json\/wp\/v2\/categories?post=47609"},{"taxonomy":"post_tag","embeddable":true,"href":"https:\/\/www.radiopresidenteibanez.cl\/web\/wp-json\/wp\/v2\/tags?post=47609"}],"curies":[{"name":"wp","href":"https:\/\/api.w.org\/{rel}","templated":true}]}}