{"id":47600,"date":"2024-04-08T15:45:15","date_gmt":"2024-04-08T18:45:15","guid":{"rendered":"https:\/\/www.radiopresidenteibanez.cl\/web\/?p=47600"},"modified":"2024-04-08T15:56:04","modified_gmt":"2024-04-08T18:56:04","slug":"vacunacion-de-estudiantes-y-comunidad-educativa-es-reforzada-por-autoridades-de-salud-en-el-marco-de-la-campana-contra-la-influenza","status":"publish","type":"post","link":"https:\/\/www.radiopresidenteibanez.cl\/web\/vacunacion-de-estudiantes-y-comunidad-educativa-es-reforzada-por-autoridades-de-salud-en-el-marco-de-la-campana-contra-la-influenza\/","title":{"rendered":"VACUNACI\u00d3N DE ESTUDIANTES Y COMUNIDAD EDUCATIVA ES REFORZADA POR AUTORIDADES DE SALUD EN EL MARCO DE LA CAMPA\u00d1A CONTRA LA INFLUENZA"},"content":{"rendered":"\n<p>En el Liceo Salesiano San Jos\u00e9, las autoridades del sector salud y educaci\u00f3n efectuaron una actividad de refuerzo de la Campa\u00f1a de Vacunaci\u00f3n contra la Influenza a fin de reiterar el llamado a la poblaci\u00f3n, especialmente los grupos objetivos, a concurrir a los establecimientos de salud de la regi\u00f3n para recibir esta protecci\u00f3n de forma oportuna antes del inicio del invierno.<br>La actividad se realiz\u00f3 mientras se inoculaba a los ni\u00f1os de pre-b\u00e1sica hasta 5to a\u00f1o<br>b\u00e1sico, como a los docentes y asistentes de la educaci\u00f3n hasta 8\u00b0b\u00e1sico. La campa\u00f1a de<br>vacunaci\u00f3n contra la influenza tiene como finalidad prevenir la enfermedad producto del<br>virus influenza, descompensaciones de patolog\u00edas cr\u00f3nicas e incluso la muerte, en<br>diversos grupos de poblaci\u00f3n vulnerable.<br>La Seremi de Salud, Francisca Sanfuentes, con relaci\u00f3n al desarrollo de la Campa\u00f1a explic\u00f3<br>que \u201cen nuestra regi\u00f3n tenemos una poblaci\u00f3n objetivo de m\u00e1s de 94 mil personas y en el<br>tiempo que llevamos ya de campa\u00f1a, que son cerca de dos semanas, tenemos una buena<br>cobertura y recepci\u00f3n por parte de la comunidad y estamos haciendo el llamado a todos<br>los grupos objetivos a acercarse a los centros de vacunaci\u00f3n que est\u00e1n en todos los<br>establecimientos de salud para poder acceder a esta herramienta tan potente y segura<br>que tenemos ya hace muchos a\u00f1os en nuestro pa\u00eds que es la vacuna contra la influenza\u201d.<br>Consultada por las acciones desplegadas por el sector salud para incentivar la vacunaci\u00f3n<br>de la comunidad, la directora del Servicio de Salud Magallanes, Ver\u00f3nica Y\u00e1\u00f1ez, se\u00f1al\u00f3<br>que, \u201cla idea efectivamente con este tipo de acciones y reforzamiento de la campa\u00f1a, es<br>estar en todos los lugares, ir al territorio como todos los a\u00f1os, hay un despliegue y<br>recursos adicionales puestos para que no solamente se vacune en los establecimientos de<br>salud, sino tambi\u00e9n fuera, se salga al territorio para reforzar este proceso de vacunaci\u00f3n<br>que estamos enfatizando el d\u00eda de hoy, en este establecimiento escolar\u201d, indic\u00f3 la<br>autoridad.<br>Reiterando Ver\u00f3nica Y\u00e1\u00f1ez, el llamado a la inoculaci\u00f3n de los grupos objetivos tanto de la<br>vacuna contra la influenza como COVID-19. \u201cLas complicaciones de estas enfermedades<br>pueden llevar a la hospitalizaci\u00f3n e incluso provocar la muerte, por lo que buscamos que<br>nuestra comunidad se vacune para no enfermar gravemente en los establecimientos de<br>toda nuestra Red Asistencial. Sabemos que vacunarse todos los a\u00f1os es la mejor manera<\/p>\n\n\n\n<p>de disminuir el riesgo de contraer la enfermedad, contagiarla a otras personas y sufrir<br>complicaciones\u201d, puntualiz\u00f3 la directora del Servicio de Salud.<br>El Seremi de Educaci\u00f3n, Valent\u00edn Aguilera, indic\u00f3 que para el Ministerio esta es una<br>iniciativa relevante y \u201cse relaciona con los objetivos que se ha propuesto el sector con la<br>campa\u00f1a Volvamos a Clases, que nadie falte, que podamos tambi\u00e9n resguardarnos, que<br>podamos cuidarnos en el periodo invernal, que los ni\u00f1os y ni\u00f1as est\u00e9n protegidos, as\u00ed<br>podemos resguardar el proceso de asistencia\u201d.<br>Para los restantes p\u00fablicos objetivos como personas de 60 a\u00f1os y m\u00e1s, personas con<br>patolog\u00edas cr\u00f3nicas, entre los 11 a\u00f1os hasta los 59 a\u00f1os, gestantes, en cualquier etapa del<br>embarazo, cuidadores y funcionarios p\u00fablicos o personal de funciones esenciales, pueden<br>acercarse a los centros de salud, as\u00ed lo explic\u00f3 el jefe del \u00e1rea de salud de la Cormupa,<br>Pedro Jofr\u00e9, quien reiter\u00f3 que el horario de atenci\u00f3n en estos recintos es de las 9.00 a las<br>12.00 horas y desde las 14.00 a las 15.30 horas.<br>Agreg\u00f3 que se cuenta con un equipo extramural para ir a vacunar a otros p\u00fablicos<br>objetivos, de funciones esenciales o de entidades dependiente del Estado. De hecho,<br>inform\u00f3, que este domingo 7 de abril en el marco del D\u00eda Nacional del Deporte, se<br>dispondr\u00e1 de un punto de vacunaci\u00f3n a cargo de APS en la \u201cCicletada y Rodada Familiar 5K<br>y 9K\u201d que se realizar\u00e1 en Costanera de Estrecho de Punta Arenas. Este punto de<br>vacunaci\u00f3n funcionar\u00e1 de 11.00 a 12.30 horas.<br>El Rector (S) del Liceo San Jos\u00e9, Heriberto P\u00e9rez, manifest\u00f3 que \u201cnos sentimos muy<br>contentos como comunidad educativa, siempre preocupados del bienestar y la salud de<br>nuestros estudiantes. Por lo tanto, creo que hemos dado un paso importante como<br>establecimiento\u201d.<br>Cobertura<br>La cobertura que la campa\u00f1a de vacunaci\u00f3n contra la influenza en Magallanes al 4 de abril<br>es de un 18,67%, lo que representa 17.535 personas. Esta campa\u00f1a se est\u00e1 llevando a<br>cabo en los CESFAM y CECOSF de la Regi\u00f3n, as\u00ed como en los Hospitales Comunitarios de<br>Porvenir y Puerto Williams y postas rurales.<\/p>\n","protected":false},"excerpt":{"rendered":"<p>En el Liceo Salesiano San Jos\u00e9, las autoridades del sector salud y educaci\u00f3n efectuaron una actividad de refuerzo de la Campa\u00f1a de Vacunaci\u00f3n contra la Influenza a fin de reiterar&#8230; <a class=\"read-more\" href=\"https:\/\/www.radiopresidenteibanez.cl\/web\/vacunacion-de-estudiantes-y-comunidad-educativa-es-reforzada-por-autoridades-de-salud-en-el-marco-de-la-campana-contra-la-influenza\/\">Leer m\u00e1s<\/a><\/p>\n","protected":false},"author":2,"featured_media":47601,"comment_status":"closed","ping_status":"closed","sticky":false,"template":"","format":"standard","meta":{"footnotes":""},"categories":[1],"tags":[],"class_list":["post-47600","post","type-post","status-publish","format-standard","has-post-thumbnail","hentry","category-cronica"],"_links":{"self":[{"href":"https:\/\/www.radiopresidenteibanez.cl\/web\/wp-json\/wp\/v2\/posts\/47600","targetHints":{"allow":["GET"]}}],"collection":[{"href":"https:\/\/www.radiopresidenteibanez.cl\/web\/wp-json\/wp\/v2\/posts"}],"about":[{"href":"https:\/\/www.radiopresidenteibanez.cl\/web\/wp-json\/wp\/v2\/types\/post"}],"author":[{"embeddable":true,"href":"https:\/\/www.radiopresidenteibanez.cl\/web\/wp-json\/wp\/v2\/users\/2"}],"replies":[{"embeddable":true,"href":"https:\/\/www.radiopresidenteibanez.cl\/web\/wp-json\/wp\/v2\/comments?post=47600"}],"version-history":[{"count":0,"href":"https:\/\/www.radiopresidenteibanez.cl\/web\/wp-json\/wp\/v2\/posts\/47600\/revisions"}],"wp:featuredmedia":[{"embeddable":true,"href":"https:\/\/www.radiopresidenteibanez.cl\/web\/wp-json\/wp\/v2\/media\/47601"}],"wp:attachment":[{"href":"https:\/\/www.radiopresidenteibanez.cl\/web\/wp-json\/wp\/v2\/media?parent=47600"}],"wp:term":[{"taxonomy":"category","embeddable":true,"href":"https:\/\/www.radiopresidenteibanez.cl\/web\/wp-json\/wp\/v2\/categories?post=47600"},{"taxonomy":"post_tag","embeddable":true,"href":"https:\/\/www.radiopresidenteibanez.cl\/web\/wp-json\/wp\/v2\/tags?post=47600"}],"curies":[{"name":"wp","href":"https:\/\/api.w.org\/{rel}","templated":true}]}}