{"id":47597,"date":"2024-04-08T12:53:00","date_gmt":"2024-04-08T15:53:00","guid":{"rendered":"https:\/\/www.radiopresidenteibanez.cl\/web\/?p=47597"},"modified":"2024-04-08T09:51:40","modified_gmt":"2024-04-08T12:51:40","slug":"inauguran-nuevos-murales-en-el-sector-del-cerro-de-la-cruz","status":"publish","type":"post","link":"https:\/\/www.radiopresidenteibanez.cl\/web\/inauguran-nuevos-murales-en-el-sector-del-cerro-de-la-cruz\/","title":{"rendered":"INAUGURAN NUEVOS MURALES EN EL SECTOR DEL CERRO DE LA CRUZ"},"content":{"rendered":"\n<p>Tras un extenso trabajo de m\u00e1s de tres meses, con clases practicas y te\u00f3ricas, finaliz\u00f3 el proyecto \u201cNuestra historia en mosaico\u201d impulsado por la Junta de Vecinos N\u00b028 \u201cCerro de la cruz\u201d y financiado por el Gobierno Regional.<\/p>\n\n\n\n<p>El producto final de la ejecuci\u00f3n de este proyecto son cuatro murales instalados en la calle Arauco, entre Waldo Seguel y Jos\u00e9 Men\u00e9ndez, que buscan plasmar hitos hist\u00f3ricos del barrio y ciudad.<\/p>\n\n\n\n<p>\u201cEstos murales no solo embellecen el Cerro de la Cruz, si no que tambi\u00e9n a todo Punta Arenas. Como Gobierno Regional esperamos seguir ganando estos espacios con ayuda de la gente e ir enriqueciendo de historia la capital regional\u201d declar\u00f3 el Gobernador Jorge Flies.<\/p>\n\n\n\n<p>Por su parte, Juan Carlos Mancilla, Presidente de la Junta de Vecinos \u201cCerro de la Cruz\u201d, dijo que \u201cen este mosaico plasmamos las distintas historias del barrio. Fue un largo proceso que hoy vemos en estos muros y que esperamos complementar en los pr\u00f3ximos a\u00f1os\u201d.<\/p>\n\n\n\n<p>En la misma l\u00ednea, Rodrigo Barr\u00eda, ceramista y encargado de la obra, se\u00f1al\u00f3 que \u201cen este proyecto trabajamos con fotos hist\u00f3ricas y con alrededor de 15 personas en diferentes talleres que hac\u00edan sus trabajos propios y colaboraban en este mural\u201d.<\/p>\n\n\n\n<p>A partir de ahora se espera que la comunidad magall\u00e1nica y las personas que visitan Punta Arenas puedan disfrutar y conocer este nuevo espacio tur\u00edstico que resalta la cultura, la historia y el arte en la regi\u00f3n.<\/p>\n","protected":false},"excerpt":{"rendered":"<p>Tras un extenso trabajo de m\u00e1s de tres meses, con clases practicas y te\u00f3ricas, finaliz\u00f3 el proyecto \u201cNuestra historia en mosaico\u201d impulsado por la Junta de Vecinos N\u00b028 \u201cCerro de&#8230; <a class=\"read-more\" href=\"https:\/\/www.radiopresidenteibanez.cl\/web\/inauguran-nuevos-murales-en-el-sector-del-cerro-de-la-cruz\/\">Leer m\u00e1s<\/a><\/p>\n","protected":false},"author":2,"featured_media":47598,"comment_status":"closed","ping_status":"closed","sticky":false,"template":"","format":"standard","meta":{"footnotes":""},"categories":[1],"tags":[],"class_list":["post-47597","post","type-post","status-publish","format-standard","has-post-thumbnail","hentry","category-cronica"],"_links":{"self":[{"href":"https:\/\/www.radiopresidenteibanez.cl\/web\/wp-json\/wp\/v2\/posts\/47597","targetHints":{"allow":["GET"]}}],"collection":[{"href":"https:\/\/www.radiopresidenteibanez.cl\/web\/wp-json\/wp\/v2\/posts"}],"about":[{"href":"https:\/\/www.radiopresidenteibanez.cl\/web\/wp-json\/wp\/v2\/types\/post"}],"author":[{"embeddable":true,"href":"https:\/\/www.radiopresidenteibanez.cl\/web\/wp-json\/wp\/v2\/users\/2"}],"replies":[{"embeddable":true,"href":"https:\/\/www.radiopresidenteibanez.cl\/web\/wp-json\/wp\/v2\/comments?post=47597"}],"version-history":[{"count":0,"href":"https:\/\/www.radiopresidenteibanez.cl\/web\/wp-json\/wp\/v2\/posts\/47597\/revisions"}],"wp:featuredmedia":[{"embeddable":true,"href":"https:\/\/www.radiopresidenteibanez.cl\/web\/wp-json\/wp\/v2\/media\/47598"}],"wp:attachment":[{"href":"https:\/\/www.radiopresidenteibanez.cl\/web\/wp-json\/wp\/v2\/media?parent=47597"}],"wp:term":[{"taxonomy":"category","embeddable":true,"href":"https:\/\/www.radiopresidenteibanez.cl\/web\/wp-json\/wp\/v2\/categories?post=47597"},{"taxonomy":"post_tag","embeddable":true,"href":"https:\/\/www.radiopresidenteibanez.cl\/web\/wp-json\/wp\/v2\/tags?post=47597"}],"curies":[{"name":"wp","href":"https:\/\/api.w.org\/{rel}","templated":true}]}}