{"id":47556,"date":"2024-04-05T15:41:00","date_gmt":"2024-04-05T18:41:00","guid":{"rendered":"https:\/\/www.radiopresidenteibanez.cl\/web\/?p=47556"},"modified":"2024-04-05T11:52:21","modified_gmt":"2024-04-05T14:52:21","slug":"mop-y-municipalidad-de-torres-del-paine-invitan-a-jornada-de-acompanamiento-sobre-inscripcion-y-registro-de-derechos-de-aprovechamiento-de-aguas","status":"publish","type":"post","link":"https:\/\/www.radiopresidenteibanez.cl\/web\/mop-y-municipalidad-de-torres-del-paine-invitan-a-jornada-de-acompanamiento-sobre-inscripcion-y-registro-de-derechos-de-aprovechamiento-de-aguas\/","title":{"rendered":"MOP y MUNICIPALIDAD DE TORRES DEL PAINE INVITAN A JORNADA DE ACOMPA\u00d1AMIENTO SOBRE INSCRIPCION Y REGISTRO DE DERECHOS DE APROVECHAMIENTO DE AGUAS"},"content":{"rendered":"\n<p>En el marco del Convenio de Cooperaci\u00f3n entre la Asociaci\u00f3n Chilena de Municipalidades y la<br>Direcci\u00f3n General de Aguas (DGA) del Ministerio de Obras P\u00fablicas (MOP), con el objetivo de<br>informar y orientar a la comunidad sobre los tr\u00e1mites que deben realizar las y los titulares de<br>derechos de aprovechamiento de aguas en el marco de la reforma al C\u00f3digo de Aguas y plazos<br>vigentes, es que se realizar\u00e1 este 05 de abril, desde las 11:30 hasta las 15:00 horas, en el Auditorio<br>de la Biblioteca P\u00fablica N\u00b0 16 de Villa Cerro Castillo, una jornada de acompa\u00f1amiento.<br>La Directora Regional de Aguas del MOP Magallanes, Lorena Olivares, indic\u00f3 que junto a la<br>Alcaldesa de Torres del Paine, Anah\u00ed C\u00e1rdenas, extendieron la invitaci\u00f3n a la comunidad para que<br>acudan a recibir asesor\u00eda sobre los pasos a seguir, sobre c\u00f3mo inscribir el derecho de<br>aprovechamiento de aguas en el Conservador de Bienes Ra\u00edces, registrar en el Catastro P\u00fablico de<br>Aguas de la DGA o iniciar el tr\u00e1mite de regularizaci\u00f3n.<br>\u201cPara inscribir el derecho de aprovechamiento de aguas en el Conservador de Bienes y registrarlo<br>en la Direcci\u00f3n General de Aguas, el plazo es hasta el 6 de abril 2025; y los usuarios INDAP tienen<br>hasta el 6 de abril de 2027. Para el tr\u00e1mite de la regularizaci\u00f3n de derechos, la fecha l\u00edmite es el 6<br>de abril de 2027 para todo tipo de usuario\u201d, explic\u00f3 Lorena Olivares, Directora Regional de la DGA.<br>La atenci\u00f3n de p\u00fablico ser\u00e1 por orden de llegada y se aconseja llevar c\u00e9dula de identidad; la<br>resoluci\u00f3n de la DGA, del Servicio Agr\u00edcola Ganadero o la sentencia judicial que autoriz\u00f3 el derecho<br>de aprovechamiento de aguas; la inscripci\u00f3n en el Conservador de Bienes Ra\u00edces o registro en el<br>Catastro P\u00fablico de Aguas si lo tuviesen para analizar el caso.<br>En cuanto al tr\u00e1mite de regularizaci\u00f3n, lo deben realizar todas las personas con derechos que no<br>est\u00e9n inscritos y que est\u00e1n siendo utilizados sin interrupci\u00f3n desde antes de octubre de 1976, sin<br>existir un proceso jur\u00eddico o administrativo que haya resuelto que hubo usurpaci\u00f3n. Tambi\u00e9n deben<br>regularizar quienes tengan derechos de predios expropiados o adquiridos bajo la reforma agraria.<br>Una vez regularizado el derecho, \u00e9ste se podr\u00e1 inscribir en el Conservador de Bienes Ra\u00edces y as\u00ed<br>tener certeza sobre la propiedad del derecho sin riesgo de que \u00e9ste caduque.<br>La Directora Regional de Aguas junto al Seremi de Obras P\u00fablicas, Jos\u00e9 Luis Hern\u00e1ndez, precisaron<br>que para que todas las personas puedan cumplir con los plazos establecidos en la ley, es que se<br>est\u00e1n organizando estas jornadas de acompa\u00f1amiento con los distintos municipios de la regi\u00f3n de<br>Magallanes.<br>\u201cLa idea es difundir el tr\u00e1mite en todos los rincones de la regi\u00f3n, privilegiando espacios p\u00fablicos<br>que sean de f\u00e1cil acceso. Invitamos a la comunidad a venir a la comuna de Torres del Paine y<br>despejar sus interrogantes, as\u00ed como tambi\u00e9n acercarse a la oficina de la DGA o realizar los<br>tr\u00e1mites de forma virtual en nuestro sitio web\u201d, indicaron.<br>Cabe se\u00f1alar que, si el derecho de aprovechamiento de aguas no se inscribe en el Conservador de<br>Bienes Ra\u00edces, se arriesga la caducidad del derecho. Y si \u00e9ste no es registrado en el Catastro P\u00fablico<br>de Aguas de la DGA, el o la titular podr\u00e1 ser objeto de una multa que var\u00eda entre los $600 mil y 130<br>millones de pesos.<\/p>\n","protected":false},"excerpt":{"rendered":"<p>En el marco del Convenio de Cooperaci\u00f3n entre la Asociaci\u00f3n Chilena de Municipalidades y laDirecci\u00f3n General de Aguas (DGA) del Ministerio de Obras P\u00fablicas (MOP), con el objetivo deinformar y&#8230; <a class=\"read-more\" href=\"https:\/\/www.radiopresidenteibanez.cl\/web\/mop-y-municipalidad-de-torres-del-paine-invitan-a-jornada-de-acompanamiento-sobre-inscripcion-y-registro-de-derechos-de-aprovechamiento-de-aguas\/\">Leer m\u00e1s<\/a><\/p>\n","protected":false},"author":2,"featured_media":47557,"comment_status":"closed","ping_status":"closed","sticky":false,"template":"","format":"standard","meta":{"footnotes":""},"categories":[1],"tags":[],"class_list":["post-47556","post","type-post","status-publish","format-standard","has-post-thumbnail","hentry","category-cronica"],"_links":{"self":[{"href":"https:\/\/www.radiopresidenteibanez.cl\/web\/wp-json\/wp\/v2\/posts\/47556","targetHints":{"allow":["GET"]}}],"collection":[{"href":"https:\/\/www.radiopresidenteibanez.cl\/web\/wp-json\/wp\/v2\/posts"}],"about":[{"href":"https:\/\/www.radiopresidenteibanez.cl\/web\/wp-json\/wp\/v2\/types\/post"}],"author":[{"embeddable":true,"href":"https:\/\/www.radiopresidenteibanez.cl\/web\/wp-json\/wp\/v2\/users\/2"}],"replies":[{"embeddable":true,"href":"https:\/\/www.radiopresidenteibanez.cl\/web\/wp-json\/wp\/v2\/comments?post=47556"}],"version-history":[{"count":0,"href":"https:\/\/www.radiopresidenteibanez.cl\/web\/wp-json\/wp\/v2\/posts\/47556\/revisions"}],"wp:featuredmedia":[{"embeddable":true,"href":"https:\/\/www.radiopresidenteibanez.cl\/web\/wp-json\/wp\/v2\/media\/47557"}],"wp:attachment":[{"href":"https:\/\/www.radiopresidenteibanez.cl\/web\/wp-json\/wp\/v2\/media?parent=47556"}],"wp:term":[{"taxonomy":"category","embeddable":true,"href":"https:\/\/www.radiopresidenteibanez.cl\/web\/wp-json\/wp\/v2\/categories?post=47556"},{"taxonomy":"post_tag","embeddable":true,"href":"https:\/\/www.radiopresidenteibanez.cl\/web\/wp-json\/wp\/v2\/tags?post=47556"}],"curies":[{"name":"wp","href":"https:\/\/api.w.org\/{rel}","templated":true}]}}