{"id":47528,"date":"2024-04-04T15:39:00","date_gmt":"2024-04-04T18:39:00","guid":{"rendered":"https:\/\/www.radiopresidenteibanez.cl\/web\/?p=47528"},"modified":"2024-04-04T14:34:13","modified_gmt":"2024-04-04T17:34:13","slug":"sence-invirtio-durante-ano-2023-mas-de-6-mil-millones-de-pesos-en-la-region","status":"publish","type":"post","link":"https:\/\/www.radiopresidenteibanez.cl\/web\/sence-invirtio-durante-ano-2023-mas-de-6-mil-millones-de-pesos-en-la-region\/","title":{"rendered":"SENCE INVIRTIO DURANTE A\u00d1O 2023 MAS DE 6 MIL MILLONES DE PESOS EN LA REGION"},"content":{"rendered":"\n<p>En presencia de autoridades regionales, usuarios y usuarias de los diversos programas del Servicio de Capacitaci\u00f3n y Empleo de Magallanes, se llev\u00f3 a cabo la Cuenta P\u00fablica 2024. Instancia en la que se dieron a conocer todos los avances y el cumplimiento de metas que SENCE Magallanes realiz\u00f3 durante el a\u00f1o 2023, as\u00ed como tambi\u00e9n los desaf\u00edos que se vienen.<br>La directora regional (s) de SENCE, Doris Manquian Cuminao, explic\u00f3 que, \u201cdimos a conocer a toda la<br>comunidad nuestra inversi\u00f3n, que sobrepas\u00f3 los 6 mil millones de pesos a nivel de regi\u00f3n, abordando<br>diferentes l\u00edneas de capacitaci\u00f3n, de intermediaci\u00f3n laboral y, al mismo tiempo, de toda nuestra l\u00ednea<br>de subsidios, nuestra franquicia tributaria, entre otros. Tambi\u00e9n repasamos los avances que ha tenido<br>el gobierno, precisamente, en materia de mejoramientos de ley y tambi\u00e9n en materia de creaci\u00f3n de<br>leyes\u201d.<br>Durante el a\u00f1o 2023 se ejecutaron $ 6.039.587.376, beneficiando a 20.002 personas, de las cuales<br>11.891, correspondieron a mujeres y 8.111, fueron hombres. Subsidios como el Bono Trabajo de<br>Mujer, benefici\u00f3 a un total de 4.110 mujeres, alcanzando cobertura en las diez comunas de la regi\u00f3n.<br>Respecto de los desaf\u00edos para el a\u00f1o en curso, la directora regional (s) indic\u00f3 que \u00e9stos tienen que ver<br>con \u201cpotenciar nuestra llegada en materia de capacitaci\u00f3n, pero tambi\u00e9n en materia de<br>intermediaci\u00f3n laboral, a todas las comunas y a las localidades m\u00e1s alejadas\u201d.<br>En efecto, ya se est\u00e1 avanzando en extender la cobertura, a partir del trabajo que se est\u00e1 realizando<br>con el Consejo Regional de Capacitaci\u00f3n, con posibilidades de presentar un FNDR que va a permitir<br>llegar a la mayor cantidad de localidades, seg\u00fan asegur\u00f3 la directora Manquian. As\u00ed mismo, destac\u00f3 el<br>\u201ctrabajo que tenemos en terreno ya sea con los diferentes municipios, como las Omil y, al mismo<br>tiempo, con las direcciones provinciales, en este caso, de las cuatro cabeceras provinciales de la<br>regi\u00f3n\u201d.<br>El a\u00f1o pasado, el Programa Fortalecimiento OMIL (FOMIL), que actualmente se ejecuta en Punta<br>Arenas y Puerto Natales, logr\u00f3 alcanzar las 930 colocaciones (estos es trabajadores con contrato, en<\/p>\n\n\n\n<p>promedio, de tres meses o m\u00e1s) y atendi\u00f3 a 3.098 personas, otorgando servicios de orientaci\u00f3n<br>laboral, colocaciones o inserciones laborales, acciones de intermediaci\u00f3n laboral como talleres de<br>apresto y ferias laborales y, tambi\u00e9n, acciones de inclusi\u00f3n laboral (an\u00e1lisis puesto de<br>trabajo\/evaluaciones funcionales) (1 terapeuta ocupacional).<br>Doris Sandoval Miranda, seremi del Trabajo y Previsi\u00f3n Social, junto con saludar y felicitar al equipo<br>regional de SENCE por el trabajo ejecutado puso especial acento en que \u201cdurante el 2023 fuimos<br>capaces de comprender lo que ha significado para la regi\u00f3n de Magallanes en materia de capacitaci\u00f3n<br>poder descentralizar las competencias relativas al Consejo Regional de Capacitaci\u00f3n, movilizar m\u00e1s de<br>seis mil millones de pesos que, en t\u00e9rminos porcentuales, un 59% de esa gesti\u00f3n lleg\u00f3 a las mujeres de<br>la regi\u00f3n de Magallanes, nos parece que van en la l\u00ednea de los desaf\u00edos que tenemos como gobierno,<br>as\u00ed que estamos muy contentas y, en particular, como seremi, agradecida y he felicitado la gesti\u00f3n de<br>los 14 funcionarios y funcionarias del Sence en la regi\u00f3n de Magallanes, que son los que finalmente<br>ejecutan estas tareas que hoy d\u00eda pudimos conocer en la cuenta p\u00fablica\u201d, se\u00f1al\u00f3 la autoridad.<br>El 2023 Sence Magallanes ejecut\u00f3 un presupuesto de $ 551.580.808 en materia de capacitaci\u00f3n<br>directa a personas, logrando beneficiar a 639 usuarias\/os a trav\u00e9s de las distintas l\u00edneas de<br>capacitaci\u00f3n tales como Construcci\u00f3n, Transporte, Despega Mipe, Becas Laborales, CFT Magallanes,<br>L\u00ednea Discapacidad, entre otros.<br>Sandra Pinilla, actual instructora de manejo para Clase B en Avansur, fue una de las beneficiarias del<br>Programa Capacitaci\u00f3n en Oficio Sectorial Transporte. \u201cYo el 2023 me encontraba cesante y de<br>repente se dio la oportunidad de hacer el curso de Sence para obtener la licencia profesional A3,<br>postul\u00e9 y afortunadamente qued\u00e9. Realic\u00e9 el curso en AVANSUR logrando obtener mi licencia<br>profesional y, adem\u00e1s, me qued\u00e9 trabajando ah\u00ed mismo\u201d, cont\u00f3 Pinilla.<br>Quien agreg\u00f3, \u201che ido avanzando paso a paso y ahora tengo mi certificaci\u00f3n y ya estoy trabajando en<br>Avansur, as\u00ed que se agradece la capacitaci\u00f3n que entrega Sence y todas las oportunidades que le dan<br>cuando uno est\u00e1 cesante, se puede salir adelante\u201d, enfatiz\u00f3.<br>Finalmente, la implementaci\u00f3n del Consejo Regional de Capacitaci\u00f3n a trav\u00e9s de la transferencia de<br>competencias a los Gobiernos Regionales, el trabajo colaborativo con los diversos Servicios P\u00fablicos,<br>la ejecuci\u00f3n de cursos sectoriales de construcci\u00f3n en el marco de la Pol\u00edtica P\u00fablica que busca<br>construir 260 mil viviendas sociales de calidad y la realizaci\u00f3n de aprestos laborales en Liceos T\u00e9cnicos<br>Profesionales, se presentaron como los hitos m\u00e1s destacados de la gesti\u00f3n del servicio en el a\u00f1o 2023.<\/p>\n","protected":false},"excerpt":{"rendered":"<p>En presencia de autoridades regionales, usuarios y usuarias de los diversos programas del Servicio de Capacitaci\u00f3n y Empleo de Magallanes, se llev\u00f3 a cabo la Cuenta P\u00fablica 2024. Instancia en&#8230; <a class=\"read-more\" href=\"https:\/\/www.radiopresidenteibanez.cl\/web\/sence-invirtio-durante-ano-2023-mas-de-6-mil-millones-de-pesos-en-la-region\/\">Leer m\u00e1s<\/a><\/p>\n","protected":false},"author":2,"featured_media":47529,"comment_status":"closed","ping_status":"closed","sticky":false,"template":"","format":"standard","meta":{"footnotes":""},"categories":[1],"tags":[],"class_list":["post-47528","post","type-post","status-publish","format-standard","has-post-thumbnail","hentry","category-cronica"],"_links":{"self":[{"href":"https:\/\/www.radiopresidenteibanez.cl\/web\/wp-json\/wp\/v2\/posts\/47528","targetHints":{"allow":["GET"]}}],"collection":[{"href":"https:\/\/www.radiopresidenteibanez.cl\/web\/wp-json\/wp\/v2\/posts"}],"about":[{"href":"https:\/\/www.radiopresidenteibanez.cl\/web\/wp-json\/wp\/v2\/types\/post"}],"author":[{"embeddable":true,"href":"https:\/\/www.radiopresidenteibanez.cl\/web\/wp-json\/wp\/v2\/users\/2"}],"replies":[{"embeddable":true,"href":"https:\/\/www.radiopresidenteibanez.cl\/web\/wp-json\/wp\/v2\/comments?post=47528"}],"version-history":[{"count":0,"href":"https:\/\/www.radiopresidenteibanez.cl\/web\/wp-json\/wp\/v2\/posts\/47528\/revisions"}],"wp:featuredmedia":[{"embeddable":true,"href":"https:\/\/www.radiopresidenteibanez.cl\/web\/wp-json\/wp\/v2\/media\/47529"}],"wp:attachment":[{"href":"https:\/\/www.radiopresidenteibanez.cl\/web\/wp-json\/wp\/v2\/media?parent=47528"}],"wp:term":[{"taxonomy":"category","embeddable":true,"href":"https:\/\/www.radiopresidenteibanez.cl\/web\/wp-json\/wp\/v2\/categories?post=47528"},{"taxonomy":"post_tag","embeddable":true,"href":"https:\/\/www.radiopresidenteibanez.cl\/web\/wp-json\/wp\/v2\/tags?post=47528"}],"curies":[{"name":"wp","href":"https:\/\/api.w.org\/{rel}","templated":true}]}}