{"id":47503,"date":"2024-04-04T08:33:52","date_gmt":"2024-04-04T11:33:52","guid":{"rendered":"https:\/\/www.radiopresidenteibanez.cl\/web\/?p=47503"},"modified":"2024-04-04T08:33:52","modified_gmt":"2024-04-04T11:33:52","slug":"minvu-entrega-205-subsidios-habitacionales-para-la-construccion-de-los-proyectos-los-flamencos-1-y-los-sauces-6","status":"publish","type":"post","link":"https:\/\/www.radiopresidenteibanez.cl\/web\/minvu-entrega-205-subsidios-habitacionales-para-la-construccion-de-los-proyectos-los-flamencos-1-y-los-sauces-6\/","title":{"rendered":"MINVU ENTREGA 205 SUBSIDIOS HABITACIONALES PARA LA CONSTRUCCION DE LOS PROYECTOS LOS FLAMENCOS 1 Y LOS SAUCES 6"},"content":{"rendered":"\n<figure class=\"wp-block-table\"><table><tbody><tr><td><\/td><\/tr><\/tbody><\/table><figcaption class=\"wp-element-caption\">En el marco del Plan de Emergencia Habitacional (PEH), autoridades regionales del Ministerio de Vivienda y Urbanismo (Minvu) entregaron subsidios a 205 familias de Punta Arenas.<br>\u00a0<br>Estos subsidios del programa Fondo Solidario de Elecci\u00f3n de Vivienda (DS49) permitir\u00e1n la construcci\u00f3n de los proyectos Edificios Los Flamencos 1 y loteo Los Sauces 6, de 136 y 92 soluciones habitacionales respectivamente.<br>El edificio Los Flamencos 1 se construir\u00e1 en prolongaci\u00f3n Los Flamencos con la proyectada v\u00eda Circunvalaci\u00f3n, en un terreno de poco m\u00e1s de una hect\u00e1rea, cercano al hospital cl\u00ednico y a centros comerciales. En tanto, el loteo Los Sauces 6 se emplazar\u00e1 en la prolongaci\u00f3n de calle Condell, donde ya est\u00e1n en construcci\u00f3n cuatro etapas de viviendas para 500 familias de sectores vulnerables.<br>\u201cEstos 205 subsidios se suman a los dos mil que hemos entregado en estos dos a\u00f1os de Gobierno del Presidente Gabriel Boric y esperamos poder entregar muchos m\u00e1s en los dos a\u00f1os que quedan de administraci\u00f3n, para poder seguir avanzando con el Plan de Emergencia Habitacional. Los Sauces 6 y Flamencos 1 se suman a los m\u00e1s de 20 proyectos en ejecuci\u00f3n que tenemos en la Regi\u00f3n, que se traducen en m\u00e1s de 2300 viviendas en construcci\u00f3n\u201d, destac\u00f3 el Seremi de Vivienda y Urbanismo, Marco Uribe Saldivia.<br>\u00a0<br>En tanto, el gobernador regional Jorge Flies relev\u00f3 \u201cla asociaci\u00f3n que ha sido realmente virtuosa entre el Gobierno Regional y el Ministerio de Vivienda, para la construcci\u00f3n de un bien tan importante como el hogar\u201d.<br>\u00a0<br>El proyecto de edificios Los Flamencos est\u00e1 a cargo de la Entidad Patrocinante Salfa Austral, mientras Los Sauces 6, es ejecutado por la EP Retamal y Oyarz\u00fan, el cual, adem\u00e1s del financiamiento del MINVU y el ahorro de las familias, contar\u00e1 con recursos complementarios del Gobierno Regional. Entre ambos proyectos, la inversi\u00f3n total supera los 18 mil millones.<br>\u00a0<br>El Director regional Omar Gonzalez Asenjo explic\u00f3 que se espera el inicio de las obras para el primer semestre de este a\u00f1o, ya que estamos en tr\u00e1mites para obtener el permiso de edificaci\u00f3n y otros tr\u00e1mites administrativos para poder dar inicio e invitar a las familias a instalar las primeras piedras de sus proyectos habitacionales\u201d.<br>\u00a0<\/figcaption><\/figure>\n","protected":false},"excerpt":{"rendered":"<p>En el marco del Plan de Emergencia Habitacional (PEH), autoridades regionales del Ministerio de Vivienda y Urbanismo (Minvu) entregaron subsidios a 205 familias de Punta Arenas.\u00a0Estos subsidios del programa Fondo&#8230; <a class=\"read-more\" href=\"https:\/\/www.radiopresidenteibanez.cl\/web\/minvu-entrega-205-subsidios-habitacionales-para-la-construccion-de-los-proyectos-los-flamencos-1-y-los-sauces-6\/\">Leer m\u00e1s<\/a><\/p>\n","protected":false},"author":2,"featured_media":47504,"comment_status":"closed","ping_status":"closed","sticky":false,"template":"","format":"standard","meta":{"footnotes":""},"categories":[1],"tags":[],"class_list":["post-47503","post","type-post","status-publish","format-standard","has-post-thumbnail","hentry","category-cronica"],"_links":{"self":[{"href":"https:\/\/www.radiopresidenteibanez.cl\/web\/wp-json\/wp\/v2\/posts\/47503","targetHints":{"allow":["GET"]}}],"collection":[{"href":"https:\/\/www.radiopresidenteibanez.cl\/web\/wp-json\/wp\/v2\/posts"}],"about":[{"href":"https:\/\/www.radiopresidenteibanez.cl\/web\/wp-json\/wp\/v2\/types\/post"}],"author":[{"embeddable":true,"href":"https:\/\/www.radiopresidenteibanez.cl\/web\/wp-json\/wp\/v2\/users\/2"}],"replies":[{"embeddable":true,"href":"https:\/\/www.radiopresidenteibanez.cl\/web\/wp-json\/wp\/v2\/comments?post=47503"}],"version-history":[{"count":0,"href":"https:\/\/www.radiopresidenteibanez.cl\/web\/wp-json\/wp\/v2\/posts\/47503\/revisions"}],"wp:featuredmedia":[{"embeddable":true,"href":"https:\/\/www.radiopresidenteibanez.cl\/web\/wp-json\/wp\/v2\/media\/47504"}],"wp:attachment":[{"href":"https:\/\/www.radiopresidenteibanez.cl\/web\/wp-json\/wp\/v2\/media?parent=47503"}],"wp:term":[{"taxonomy":"category","embeddable":true,"href":"https:\/\/www.radiopresidenteibanez.cl\/web\/wp-json\/wp\/v2\/categories?post=47503"},{"taxonomy":"post_tag","embeddable":true,"href":"https:\/\/www.radiopresidenteibanez.cl\/web\/wp-json\/wp\/v2\/tags?post=47503"}],"curies":[{"name":"wp","href":"https:\/\/api.w.org\/{rel}","templated":true}]}}