{"id":47493,"date":"2024-04-03T15:26:18","date_gmt":"2024-04-03T18:26:18","guid":{"rendered":"https:\/\/www.radiopresidenteibanez.cl\/web\/?p=47493"},"modified":"2024-04-03T15:27:59","modified_gmt":"2024-04-03T18:27:59","slug":"artesanias-australes-cierra-exitoso-ciclo-de-comercializacion","status":"publish","type":"post","link":"https:\/\/www.radiopresidenteibanez.cl\/web\/artesanias-australes-cierra-exitoso-ciclo-de-comercializacion\/","title":{"rendered":"ARTESANIAS AUSTRALES CIERRA EXITOSO CICLO DE COMERCIALIZACION"},"content":{"rendered":"\n<p>Luego de un mes y medio de funcionamiento, la&nbsp;feria \u201cArtesan\u00edas Australes\u201d, un espacio destinado a promover y comercializar obras de creadoras y creadores regionales&nbsp;entre&nbsp;visitantes&nbsp;que arriban en cruceros a Magallanes, concluy\u00f3 su temporada 2024.<\/p>\n\n\n\n<p>La ma\u00f1ana de este mi\u00e9rcoles, artesanas y artesanos, junto a la Seremi de las Culturas, las Artes y el Patrimonio, Carolina Herrera y el por el&nbsp;Gerente General de la Empresa Portuaria Austral (EPAUSTRAL), Miguel Palma, pusieron fin al ciclo de doce jornadas de exhibici\u00f3n, destacando el exitoso resultado de la iniciativa.<\/p>\n\n\n\n<p>\u201cEstamos muy agradecidos de la Seremi de las Culturas, de la EPA y Aduanas, que nos permitieron generar este espacio de intercambio cultural. Primero que todo, esto ha sido un espacio de difusi\u00f3n, intercambio y de mostrar nuestra Patagonia, a trav\u00e9s de la artesan\u00eda, a los turistas\u201d, dijo la representante de la Mesa de Artesan\u00eda de Punta Arenas, Marcela Alca\u00edno, junto con manifestar su satisfacci\u00f3n por las ventas obtenidas durante el per\u00edodo en el que transitaron por el recinto portuario m\u00e1s de 30 mil pasajeros.<\/p>\n\n\n\n<p>La&nbsp;feria, impulsada por la Seremi de las Culturas, las Artes y el Patrimonio en conjunto con la Mesa de la disciplina,&nbsp;tuvo como objetivo&nbsp;fomentar la promoci\u00f3n y circulaci\u00f3n de la artesan\u00eda regional y generar un espacio para la comercializaci\u00f3n y potenciar la cadena productiva del sector.<\/p>\n\n\n\n<p>\u201cHoy estamos&nbsp; sacando cuentas felices de este cierre y esperamos, para este 2024, poder tener un inicio de esta feria junto con el inicio de la temporada, en octubre cuando comienzan a llegar los primeros cruceros. Pero lo que m\u00e1s importa es la opini\u00f3n de las y los artesanos, que sacan cuentas muy alegres y se\u00f1alan que nunca antes hab\u00edan tenido una instancia como esta, de poder vender sus productos de esta forma, de manera tan masiva y de mostrar su trabajo. Y el turista entiende y valora que son productos hechos a mano, con materias primas de la regi\u00f3n\u201d, explic\u00f3 la Seremi de las Culturas, tras la actividad de cierre efectuada en el terminal de pasajeros de EPAUSTRAL, ubicado en Muelle Prat de Punta Arenas.<\/p>\n\n\n\n<p>\u201cArtesan\u00edas Australes\u201d, que inici\u00f3 el ciclo el pasado 21 de febrero, incluy\u00f3 en su exhibici\u00f3n obras en orfebrer\u00eda, textil, arcilla y cester\u00eda de pueblos originarios (Kaw\u00e9sqar y Yag\u00e1n). Consider\u00f3 la participaci\u00f3n de veinticuatro artesanas y artesanos de la regi\u00f3n de Magallanes.<\/p>\n\n\n\n<p>Para el Gerente General de EPAUSTRAL, Miguel Palma la feria ha servido para establecer un v\u00ednculo entre el turismo y la cultura regional. \u201cEsta instancia ha sido muy valorada por los turistas y tambi\u00e9n observamos que es una forma interesante y muy oportuna para integrar nuestra cultura con quienes nos visitan. Esta es una muestra de artesan\u00eda de primer nivel y con nuestros artesanos. Queremos que este tipo de espacios se multipliquen y permitan establecer la conexi\u00f3n de la ciudad con la actividad del trismo de cruceros que se realiza en la ciudad y la regi\u00f3n\u201d, sostuvo Palma.<\/p>\n\n\n\n<p>En la jornada de clausura las y los artesanos, en un gesto de agradecimiento, regalaron a EPAUSTRAL una acuarela de autor\u00eda de Iris Fern\u00e1ndez y a la Seremi de las Culturas, una r\u00e9plica de una canoa Kaw\u00e9sqar, confeccionada por Celina Llanll\u00e1n, m\u00e1s un telar tejido por Hortensia Fuentes.<\/p>\n\n\n\n<p>Adem\u00e1s de EPAUSTRAL, esta iniciativa cont\u00f3 con la colaboraci\u00f3n de la Fundaci\u00f3n de Promoci\u00f3n y Desarrollo de la Mujer (PRODEMU), el Servicio Nacional de Aduanas y el Fondo de Solidaridad e Inversi\u00f3n Social (FOSIS).<\/p>\n","protected":false},"excerpt":{"rendered":"<p>Luego de un mes y medio de funcionamiento, la&nbsp;feria \u201cArtesan\u00edas Australes\u201d, un espacio destinado a promover y comercializar obras de creadoras y creadores regionales&nbsp;entre&nbsp;visitantes&nbsp;que arriban en cruceros a Magallanes, concluy\u00f3&#8230; <a class=\"read-more\" href=\"https:\/\/www.radiopresidenteibanez.cl\/web\/artesanias-australes-cierra-exitoso-ciclo-de-comercializacion\/\">Leer m\u00e1s<\/a><\/p>\n","protected":false},"author":2,"featured_media":47494,"comment_status":"closed","ping_status":"closed","sticky":false,"template":"","format":"standard","meta":{"footnotes":""},"categories":[1],"tags":[],"class_list":["post-47493","post","type-post","status-publish","format-standard","has-post-thumbnail","hentry","category-cronica"],"_links":{"self":[{"href":"https:\/\/www.radiopresidenteibanez.cl\/web\/wp-json\/wp\/v2\/posts\/47493","targetHints":{"allow":["GET"]}}],"collection":[{"href":"https:\/\/www.radiopresidenteibanez.cl\/web\/wp-json\/wp\/v2\/posts"}],"about":[{"href":"https:\/\/www.radiopresidenteibanez.cl\/web\/wp-json\/wp\/v2\/types\/post"}],"author":[{"embeddable":true,"href":"https:\/\/www.radiopresidenteibanez.cl\/web\/wp-json\/wp\/v2\/users\/2"}],"replies":[{"embeddable":true,"href":"https:\/\/www.radiopresidenteibanez.cl\/web\/wp-json\/wp\/v2\/comments?post=47493"}],"version-history":[{"count":0,"href":"https:\/\/www.radiopresidenteibanez.cl\/web\/wp-json\/wp\/v2\/posts\/47493\/revisions"}],"wp:featuredmedia":[{"embeddable":true,"href":"https:\/\/www.radiopresidenteibanez.cl\/web\/wp-json\/wp\/v2\/media\/47494"}],"wp:attachment":[{"href":"https:\/\/www.radiopresidenteibanez.cl\/web\/wp-json\/wp\/v2\/media?parent=47493"}],"wp:term":[{"taxonomy":"category","embeddable":true,"href":"https:\/\/www.radiopresidenteibanez.cl\/web\/wp-json\/wp\/v2\/categories?post=47493"},{"taxonomy":"post_tag","embeddable":true,"href":"https:\/\/www.radiopresidenteibanez.cl\/web\/wp-json\/wp\/v2\/tags?post=47493"}],"curies":[{"name":"wp","href":"https:\/\/api.w.org\/{rel}","templated":true}]}}