{"id":4749,"date":"2019-06-03T23:22:37","date_gmt":"2019-06-03T23:22:37","guid":{"rendered":"http:\/\/www.radiopresidenteibanez.cl\/web\/?p=4749"},"modified":"2019-06-03T23:23:24","modified_gmt":"2019-06-03T23:23:24","slug":"serviu-acordo-con-dueno-de-predio-particular-efectuar-canalizacion-de-aguas-lluvias-para-evitar-anegamientos-en-sector-norponiente-de-punta-arenas","status":"publish","type":"post","link":"https:\/\/www.radiopresidenteibanez.cl\/web\/serviu-acordo-con-dueno-de-predio-particular-efectuar-canalizacion-de-aguas-lluvias-para-evitar-anegamientos-en-sector-norponiente-de-punta-arenas\/","title":{"rendered":"SERVIU ACORD\u00d3 CON DUE\u00d1O DE PREDIO PARTICULAR EFECTUAR CANALIZACI\u00d3N DE AGUAS LLUVIAS PARA EVITAR ANEGAMIENTOS EN SECTOR NORPONIENTE DE PUNTA ARENAS"},"content":{"rendered":"\n<p>Por segunda vez en el a\u00f1o y como consecuencia de la copiosa lluvia ca\u00edda este fin de semana, vecinos de la poblaci\u00f3n Aves Australes, resultaron anegados por la acumulaci\u00f3n y escurrimiento de aguas superficiales desde un predio perteneciente a un privado.<\/p>\n\n\n\n<p>Con el objetivo de identificar una soluci\u00f3n a esta problem\u00e1tica, este lunes, el director regional del Serviu, Dubalio P\u00e9rez, se reuni\u00f3 con uno de los due\u00f1os del terreno, Juan Ram\u00f3n C\u00e1rdenas y el coordinador de la Red secundaria de aguas lluvias, Christian Silva.<\/p>\n\n\n\n<p>Fue as\u00ed que el due\u00f1o del predio autoriz\u00f3 el ingreso de la empresa contratista Eliecer Soto Oyarz\u00fan, para la instalaci\u00f3n de un ducto de evacuaci\u00f3n de aguas en el pasaje Tarn, as\u00ed como la ejecuci\u00f3n obras complementarias que impidan el paso de camiones que depositan escombros y basura en el sector, generando un riesgo adicional.<\/p>\n\n\n\n<p>Al respecto, el director regional del Serviu, expres\u00f3 \u201cQuiero agradecer que podamos acceder a su sitio a realizar canalizaciones y ductos de salida en los pasajes Los Petreles y Monte Tarn que en la \u00faltima lluvia generaron inundaciones en la poblaci\u00f3n. Con esta autorizaci\u00f3n durante el presente mes vamos a ejecutar obras para que no se vuelvan a producir estas inundaciones\u201d.<\/p>\n\n\n\n<p>Cabe se\u00f1alar que el Serviu Magallanes y de la Ant\u00e1rtica Chilena, cuenta con dos contratos vigentes de conservaci\u00f3n de la Red secundaria de aguas lluvias en la comuna de Punta Arenas, con el objetivo de mantener una cobertura continua de este servicio. Los trabajos consisten principalmente, en la limpieza de colectores, sumideros y c\u00e1maras decantadoras, adem\u00e1s del monitoreo y mantenci\u00f3n de las plantas elevadoras de aguas lluvias.<\/p>\n\n\n\n<p>Por su parte, Juan Ram\u00f3n C\u00e1rdenas, propietario del terreno se\u00f1alado, indic\u00f3 \u201csiempre hemos dado las facilidades igual que la vez anterior, y ahora vamos a permitir que ingresen m\u00e1quinas que puedan canalizar con una mayor profundidad y as\u00ed no tener estos problemas en el pasaje Tarn. Tambi\u00e9n estamos dando la posibilidad de intervenir en el pasaje Los Petreles\u201d.<\/p>\n\n\n\n<p>Ambos contratos de conservaci\u00f3n de la red secundaria de aguas lluvias, cuentan con cuadrillas de emergencia, que permiten al Serviu responder a situaciones urgentes informadas por la ciudadan\u00eda o registradas en los controles rutinarios.<\/p>\n\n\n\n<figure class=\"wp-block-image\"><img loading=\"lazy\" decoding=\"async\" width=\"900\" height=\"598\" src=\"https:\/\/www.radiopresidenteibanez.cl\/web\/wp-content\/uploads\/2019\/06\/reuni\u00f3n-serviu-y-particular-aguas-lluvias.jpg\" alt=\"\" class=\"wp-image-4750\" srcset=\"https:\/\/www.radiopresidenteibanez.cl\/web\/wp-content\/uploads\/2019\/06\/reuni\u00f3n-serviu-y-particular-aguas-lluvias.jpg 900w, https:\/\/www.radiopresidenteibanez.cl\/web\/wp-content\/uploads\/2019\/06\/reuni\u00f3n-serviu-y-particular-aguas-lluvias-300x199.jpg 300w, https:\/\/www.radiopresidenteibanez.cl\/web\/wp-content\/uploads\/2019\/06\/reuni\u00f3n-serviu-y-particular-aguas-lluvias-768x510.jpg 768w\" sizes=\"auto, (max-width: 900px) 100vw, 900px\" \/><\/figure>\n","protected":false},"excerpt":{"rendered":"<p>Por segunda vez en el a\u00f1o y como consecuencia de la copiosa lluvia ca\u00edda este fin de semana, vecinos de la poblaci\u00f3n Aves Australes, resultaron anegados por la acumulaci\u00f3n y&#8230; <a class=\"read-more\" href=\"https:\/\/www.radiopresidenteibanez.cl\/web\/serviu-acordo-con-dueno-de-predio-particular-efectuar-canalizacion-de-aguas-lluvias-para-evitar-anegamientos-en-sector-norponiente-de-punta-arenas\/\">Leer m\u00e1s<\/a><\/p>\n","protected":false},"author":2,"featured_media":4750,"comment_status":"closed","ping_status":"closed","sticky":false,"template":"","format":"standard","meta":{"footnotes":""},"categories":[1],"tags":[],"class_list":["post-4749","post","type-post","status-publish","format-standard","has-post-thumbnail","hentry","category-cronica"],"_links":{"self":[{"href":"https:\/\/www.radiopresidenteibanez.cl\/web\/wp-json\/wp\/v2\/posts\/4749","targetHints":{"allow":["GET"]}}],"collection":[{"href":"https:\/\/www.radiopresidenteibanez.cl\/web\/wp-json\/wp\/v2\/posts"}],"about":[{"href":"https:\/\/www.radiopresidenteibanez.cl\/web\/wp-json\/wp\/v2\/types\/post"}],"author":[{"embeddable":true,"href":"https:\/\/www.radiopresidenteibanez.cl\/web\/wp-json\/wp\/v2\/users\/2"}],"replies":[{"embeddable":true,"href":"https:\/\/www.radiopresidenteibanez.cl\/web\/wp-json\/wp\/v2\/comments?post=4749"}],"version-history":[{"count":0,"href":"https:\/\/www.radiopresidenteibanez.cl\/web\/wp-json\/wp\/v2\/posts\/4749\/revisions"}],"wp:featuredmedia":[{"embeddable":true,"href":"https:\/\/www.radiopresidenteibanez.cl\/web\/wp-json\/wp\/v2\/media\/4750"}],"wp:attachment":[{"href":"https:\/\/www.radiopresidenteibanez.cl\/web\/wp-json\/wp\/v2\/media?parent=4749"}],"wp:term":[{"taxonomy":"category","embeddable":true,"href":"https:\/\/www.radiopresidenteibanez.cl\/web\/wp-json\/wp\/v2\/categories?post=4749"},{"taxonomy":"post_tag","embeddable":true,"href":"https:\/\/www.radiopresidenteibanez.cl\/web\/wp-json\/wp\/v2\/tags?post=4749"}],"curies":[{"name":"wp","href":"https:\/\/api.w.org\/{rel}","templated":true}]}}