{"id":47489,"date":"2024-04-03T14:16:00","date_gmt":"2024-04-03T17:16:00","guid":{"rendered":"https:\/\/www.radiopresidenteibanez.cl\/web\/?p=47489"},"modified":"2024-04-03T11:19:19","modified_gmt":"2024-04-03T14:19:19","slug":"mas-de-20-servicios-participan-de-la-primera-reunion-del-comite-de-erradicacion-del-trabajo-infantil","status":"publish","type":"post","link":"https:\/\/www.radiopresidenteibanez.cl\/web\/mas-de-20-servicios-participan-de-la-primera-reunion-del-comite-de-erradicacion-del-trabajo-infantil\/","title":{"rendered":"MAS DE 20 SERVICIOS PARTICIPAN DE LA PRIMERA REUNION DEL COMITE DE ERRADICACION DEL TRABAJO INFANTIL"},"content":{"rendered":"\n<p>Con el objetivo de dar el puntapi\u00e9 inicial al trabajo de este<br>2024, m\u00e1s de una veintena de representantes de servicios p\u00fablicos se reunieron esta semana en el<br>marco de la primera sesi\u00f3n del Comit\u00e9 Regional de Erradicaci\u00f3n del Trabajo Infantil (CRETI) de la<br>regi\u00f3n de Magallanes, encabezado por la Secretar\u00eda Regional Ministerial del Trabajo.<br>La instancia inici\u00f3 con una din\u00e1mica grupal participativa, tras lo cual, se entreg\u00f3 un reporte de las<br>\u00faltimas actividades del a\u00f1o 2023 posterior al \u00faltimo CRETI, tras el cual se realiz\u00f3 una campa\u00f1a de<br>difusi\u00f3n sobre la protecci\u00f3n al adolescente que trabaja durante la \u00e9poca estival.<br>Posterior a ello, se dieron a conocer las acciones ya planificadas para este 2024, que iniciar\u00e1 con<br>las primeras reuniones con las Oficinas Locales de la Ni\u00f1ez de las comunas de Primavera, Puerto<br>Williams y Porvenir. Asimismo, se fijaron las fechas de las sesiones del comit\u00e9 y se entreg\u00f3 un<br>listado de actividades medi\u00e1ticas tales como: plan de medios, convesatorios y seminarios a realizar<br>durante el a\u00f1o.<br>La SEREMI del Trabajo y Previsi\u00f3n Social, Doris Sandoval Miranda, explic\u00f3 que \u201ceste a\u00f1o es muy<br>importante para nuestro CRETI ya que estamos a la espera de la emisi\u00f3n de los resultados de la<br>EANNA (Encuesta de Actividades de Ni\u00f1os, Ni\u00f1as y Adolescentes) que nos aportar\u00e1 algunos datos<br>relevantes a nivel regional y nacional. Pero tambi\u00e9n, como gobierno, estamos muy comprometidos<br>con reforzar el conocimiento general sobre el Trabajo Infantil, sobre todo, en lo que concierne a<br>contar con una ruta cr\u00edtica de detecci\u00f3n de casos de trabajo infantil o adolescente no protegido,<br>de denuncias y de reparaci\u00f3n en caso de constatarse alguna vulneraci\u00f3n\u201d.<br>En la sesi\u00f3n, el jefe de gabinete del Servicio de Protecci\u00f3n Especializada a la Ni\u00f1ez y Adolescencia<br>de Magallanes, C\u00e9sar Montiel, realiz\u00f3 una exposici\u00f3n sobre los desaf\u00edos y lineamientos de la<br>protecci\u00f3n a la ni\u00f1ez en la regi\u00f3n.<br>\u201cCreemos que la mayor fortaleza de nuestro Comit\u00e9 es el compromiso de cada una de las<br>instituciones participantes y la intersectorialidad, ya que contamos con representantes de la<br>Delegaci\u00f3n Presidencial Regional, de las SEREMIs de Salud, de Educaci\u00f3n, de Desarrollo Social;<br>tambi\u00e9n con servicios como la Direcci\u00f3n del Trabajo, el Instituto de Seguridad Laboral (ISL), el<br>Instituto de la Juventud, la Defensor\u00eda de la Ni\u00f1ez, Carabineros, Polic\u00eda de Investigaciones. En<br>definitiva, aqu\u00ed est\u00e1n todas las instituciones vinculadas a esta tem\u00e1tica y que tienen a su cargo las<\/p>\n\n\n\n<p>labores de fiscalizaci\u00f3n, prevenci\u00f3n, educaci\u00f3n y reparaci\u00f3n de casos de Trabajo Infantil y<br>adolescente\u201d, a\u00f1adi\u00f3 la autoridad.<br>Entre los acuerdos y compromisos, se defini\u00f3 la creaci\u00f3n de un protocolo de prevenci\u00f3n y<br>abordaje ante situaciones de trabajo infantil y adolescente no protegido. Adem\u00e1s, se hizo entrega<br>de nuevo material de difusi\u00f3n para las acciones de difusi\u00f3n y educaci\u00f3n del a\u00f1o.<br>Por \u00faltimo, se ejecut\u00f3 una actividad pr\u00e1ctica denominada \u201cRuta Cr\u00edtica del Trabajo Infantil\u201d, cuyo<br>objetivo fue determinar qu\u00e9 hacer en caso de detecci\u00f3n de casos de ni\u00f1os, ni\u00f1as o adolescentes<br>en vulneraci\u00f3n por trabajo infantil, definir a qui\u00e9nes se debe denunciar y, asimismo, se busc\u00f3<br>identificar la labor de cada instituci\u00f3n que presenta en t\u00e9rminos de realizaci\u00f3n de acciones<br>preventivas, educativas, de fiscalizaci\u00f3n o de reparaci\u00f3n.<\/p>\n","protected":false},"excerpt":{"rendered":"<p>Con el objetivo de dar el puntapi\u00e9 inicial al trabajo de este2024, m\u00e1s de una veintena de representantes de servicios p\u00fablicos se reunieron esta semana en elmarco de la primera&#8230; <a class=\"read-more\" href=\"https:\/\/www.radiopresidenteibanez.cl\/web\/mas-de-20-servicios-participan-de-la-primera-reunion-del-comite-de-erradicacion-del-trabajo-infantil\/\">Leer m\u00e1s<\/a><\/p>\n","protected":false},"author":2,"featured_media":47490,"comment_status":"closed","ping_status":"closed","sticky":false,"template":"","format":"standard","meta":{"footnotes":""},"categories":[1],"tags":[],"class_list":["post-47489","post","type-post","status-publish","format-standard","has-post-thumbnail","hentry","category-cronica"],"_links":{"self":[{"href":"https:\/\/www.radiopresidenteibanez.cl\/web\/wp-json\/wp\/v2\/posts\/47489","targetHints":{"allow":["GET"]}}],"collection":[{"href":"https:\/\/www.radiopresidenteibanez.cl\/web\/wp-json\/wp\/v2\/posts"}],"about":[{"href":"https:\/\/www.radiopresidenteibanez.cl\/web\/wp-json\/wp\/v2\/types\/post"}],"author":[{"embeddable":true,"href":"https:\/\/www.radiopresidenteibanez.cl\/web\/wp-json\/wp\/v2\/users\/2"}],"replies":[{"embeddable":true,"href":"https:\/\/www.radiopresidenteibanez.cl\/web\/wp-json\/wp\/v2\/comments?post=47489"}],"version-history":[{"count":0,"href":"https:\/\/www.radiopresidenteibanez.cl\/web\/wp-json\/wp\/v2\/posts\/47489\/revisions"}],"wp:featuredmedia":[{"embeddable":true,"href":"https:\/\/www.radiopresidenteibanez.cl\/web\/wp-json\/wp\/v2\/media\/47490"}],"wp:attachment":[{"href":"https:\/\/www.radiopresidenteibanez.cl\/web\/wp-json\/wp\/v2\/media?parent=47489"}],"wp:term":[{"taxonomy":"category","embeddable":true,"href":"https:\/\/www.radiopresidenteibanez.cl\/web\/wp-json\/wp\/v2\/categories?post=47489"},{"taxonomy":"post_tag","embeddable":true,"href":"https:\/\/www.radiopresidenteibanez.cl\/web\/wp-json\/wp\/v2\/tags?post=47489"}],"curies":[{"name":"wp","href":"https:\/\/api.w.org\/{rel}","templated":true}]}}