{"id":47486,"date":"2024-04-03T12:55:00","date_gmt":"2024-04-03T15:55:00","guid":{"rendered":"https:\/\/www.radiopresidenteibanez.cl\/web\/?p=47486"},"modified":"2024-04-03T11:14:49","modified_gmt":"2024-04-03T14:14:49","slug":"66-alumnos-asisten-al-colegio-andino-en-el-complejo-penitenciario-de-punta-arenas","status":"publish","type":"post","link":"https:\/\/www.radiopresidenteibanez.cl\/web\/66-alumnos-asisten-al-colegio-andino-en-el-complejo-penitenciario-de-punta-arenas\/","title":{"rendered":"66 ALUMNOS ASISTEN AL COLEGIO ANDINO EN EL COMPLEJO PENITENCIARIO DE PUNTA ARENAS"},"content":{"rendered":"\n<p>Con una matr\u00edcula que en su mayor\u00eda busca terminar su ense\u00f1anza media, pero tambi\u00e9n con casos de personas analfabetas, trabajan actualmente en el Colegio Andino que imparte educaci\u00f3n para adultos en contexto de encierro.<\/p>\n\n\n\n<p>El establecimiento funciona al interior del Complejo Penitenciario de Punta Arenas y depende del Servicio Local de Educaci\u00f3n P\u00fablica. Atiende en sus aulas a 66 estudiantes con un plantel conformado por 14 educadores, la mayor\u00eda mujeres.<\/p>\n\n\n\n<p>La normativa indica que s\u00f3lo pueden acceder a la matr\u00edcula internos que ya recibieron condena, aunque hay alternativas para personas privadas de libertad en otras condiciones que deben ser autorizadas por un juez.<\/p>\n\n\n\n<p>Al igual que en otros recintos educativos, las clases se distribuyen en bloques de ma\u00f1ana y tarde, con evaluaciones peri\u00f3dicas y contenidos m\u00ednimos obligatorios definidos por el Ministerio de Educaci\u00f3n.<\/p>\n\n\n\n<p>Fuimos testigos de una actividad pedag\u00f3gica orientada a la convivencia escolar en la que participaron cerca de 50 alumnos, bajo la gu\u00eda del profesor Patricio Contreras. A partir de la exhibici\u00f3n de un fragmento de la pel\u00edcula La Misi\u00f3n, de 1986, se desplegaron preguntas y actividades en torno a la redenci\u00f3n y las experiencias de cada interno.<\/p>\n\n\n\n<p>El docente Patricio Contreras explic\u00f3 que \u201ctratamos de reflexionar en torno a c\u00f3mo incorporan en sus vidas este concepto, incorporamos palabras nuevas como parte del desarrollo de habilidades de lecto escritura y socializamos con un trabajo grupal para llegar a acuerdos en ideas comunes\u201d.<\/p>\n\n\n\n<p>Con 17 a\u00f1os de experiencia en el Colegio Andino, el educador opina que en sus aulas y pese al contexto de encierro \u00abse evidencia la libertad, porque hay ganas de aprender y de ser distintos en un ambiente muy grato\u201d.<\/p>\n\n\n\n<p>La profesora de ingl\u00e9s Ximena Montenegro ya complet\u00f3 12 a\u00f1os en el Colegio Andino. Ella opina que se trata de una experiencia \u201cmuy valiosa porque, si bien el ambiente puede ser un poco dif\u00edcil, resulta muy gratificante cuando vemos logros en ellos, especialmente en mi asignatura\u201d.<\/p>\n","protected":false},"excerpt":{"rendered":"<p>Con una matr\u00edcula que en su mayor\u00eda busca terminar su ense\u00f1anza media, pero tambi\u00e9n con casos de personas analfabetas, trabajan actualmente en el Colegio Andino que imparte educaci\u00f3n para adultos&#8230; <a class=\"read-more\" href=\"https:\/\/www.radiopresidenteibanez.cl\/web\/66-alumnos-asisten-al-colegio-andino-en-el-complejo-penitenciario-de-punta-arenas\/\">Leer m\u00e1s<\/a><\/p>\n","protected":false},"author":2,"featured_media":47487,"comment_status":"closed","ping_status":"closed","sticky":false,"template":"","format":"standard","meta":{"footnotes":""},"categories":[1],"tags":[],"class_list":["post-47486","post","type-post","status-publish","format-standard","has-post-thumbnail","hentry","category-cronica"],"_links":{"self":[{"href":"https:\/\/www.radiopresidenteibanez.cl\/web\/wp-json\/wp\/v2\/posts\/47486","targetHints":{"allow":["GET"]}}],"collection":[{"href":"https:\/\/www.radiopresidenteibanez.cl\/web\/wp-json\/wp\/v2\/posts"}],"about":[{"href":"https:\/\/www.radiopresidenteibanez.cl\/web\/wp-json\/wp\/v2\/types\/post"}],"author":[{"embeddable":true,"href":"https:\/\/www.radiopresidenteibanez.cl\/web\/wp-json\/wp\/v2\/users\/2"}],"replies":[{"embeddable":true,"href":"https:\/\/www.radiopresidenteibanez.cl\/web\/wp-json\/wp\/v2\/comments?post=47486"}],"version-history":[{"count":0,"href":"https:\/\/www.radiopresidenteibanez.cl\/web\/wp-json\/wp\/v2\/posts\/47486\/revisions"}],"wp:featuredmedia":[{"embeddable":true,"href":"https:\/\/www.radiopresidenteibanez.cl\/web\/wp-json\/wp\/v2\/media\/47487"}],"wp:attachment":[{"href":"https:\/\/www.radiopresidenteibanez.cl\/web\/wp-json\/wp\/v2\/media?parent=47486"}],"wp:term":[{"taxonomy":"category","embeddable":true,"href":"https:\/\/www.radiopresidenteibanez.cl\/web\/wp-json\/wp\/v2\/categories?post=47486"},{"taxonomy":"post_tag","embeddable":true,"href":"https:\/\/www.radiopresidenteibanez.cl\/web\/wp-json\/wp\/v2\/tags?post=47486"}],"curies":[{"name":"wp","href":"https:\/\/api.w.org\/{rel}","templated":true}]}}