{"id":47483,"date":"2024-04-03T11:43:00","date_gmt":"2024-04-03T14:43:00","guid":{"rendered":"https:\/\/www.radiopresidenteibanez.cl\/web\/?p=47483"},"modified":"2024-04-03T11:08:59","modified_gmt":"2024-04-03T14:08:59","slug":"big-band-de-la-fach-hizo-cantar-a-los-magallanicos-con-presentacion-gratuita","status":"publish","type":"post","link":"https:\/\/www.radiopresidenteibanez.cl\/web\/big-band-de-la-fach-hizo-cantar-a-los-magallanicos-con-presentacion-gratuita\/","title":{"rendered":"BIG BAND DE LA FACH HIZO CANTAR A LOS MAGALLANICOS CON PRESENTACION GRATUITA"},"content":{"rendered":"\n<p>Con el objetivo de cautivar a las personas a trav\u00e9s de la m\u00fasica, la Big Band de la Fuerza<br>A\u00e9rea de Chile (FACH) se present\u00f3 en Punta Arenas, logrando deleitar a los magall\u00e1nicos con<br>reconocidas canciones de diferentes artistas y pel\u00edculas.<br>Las presentaciones de esta hist\u00f3rica agrupaci\u00f3n se llevaron a cabo para conmemorar los 94<br>a\u00f1os de la FACH y contaron con el apoyo de la Municipalidad de Punta Arenas. En este<br>contexto, la Big Band realiz\u00f3 dos espect\u00e1culos en el Teatro Municipal Jos\u00e9 Bohr, siendo los<br>primeros beneficiarios algunos estudiantes de ense\u00f1anza b\u00e1sica y media de los liceos Mar\u00eda<br>Auxiliadora y San Jos\u00e9.<br>Durante esta presentaci\u00f3n, los escolares tuvieron la oportunidad de conocer los<br>instrumentos utilizados y la composici\u00f3n de la agrupaci\u00f3n, adem\u00e1s de interactuar con los<br>m\u00fasicos y subir al escenario para conversar con ellos y hacer consultas.<br>Los j\u00f3venes expresaron su agradecimiento por este exclusivo evento.<br>\u201cEstuvo muy entretenido, s\u00faper did\u00e1ctico. Me encanta que cuando se hace un espect\u00e1culo,<br>que los directores saquen a la audiencia, la hagan parte de la actuaci\u00f3n, que los asistentes<br>no sean meros espectadores. Respecto a la banda, nada que decir, est\u00e1n a otro nivel. Me<br>gustar\u00eda que se repitan este tipo de actividades, porque es muy necesario para la educaci\u00f3n<br>en Chile\u201d, coment\u00f3 el estudiante de segundo medio del Liceo Salesiano San Jos\u00e9, Felipe<br>Javier L\u00f3pez Chiguay.<br>\u201cCreo que es una muy buena instancia, especialmente para los j\u00f3venes que les gusta mucho<br>la m\u00fasica, actividades recreativas en lo que es el arte. Esto especialmente en Punta Arenas,<br>que no se ven mucho a veces. Es bonito que vengan\u201d, se\u00f1al\u00f3 por su parte el alumno de<br>segundo medio del Liceo Salesiano San Jos\u00e9, Crist\u00f3bal El\u00edas Riveras Covas.<br>En la segunda presentaci\u00f3n m\u00e1s de 400 personas disfrutaron de la m\u00fasica interpretada por<br>la Big Band.<br>Cabe destacar que la IV\u00aa Brigada A\u00e9rea, junto a la Municipalidad de Punta Arenas, se<br>encargaron de las coordinaciones y otras gestiones necesarias, para ofrecer a la comunidad<br>magall\u00e1nica una jornada marcada por la m\u00fasica.<br>El Comandante en Jefe de la IV\u00aa Brigada A\u00e9rea, GBA (A) Vicente Donoso Herman, expres\u00f3 su<br>agradecimiento por el gran apoyo del p\u00fablico y destac\u00f3 la participaci\u00f3n de la Big Band en<br>Punta Arenas, quienes se presentaron por tercer a\u00f1o consecutivo en el extremo sur de<br>Chile.<\/p>\n\n\n\n<p>Con ello, se concluyeron las celebraciones por el 94\u00b0 aniversario de la FACH en la Regi\u00f3n de<br>Magallanes.<\/p>\n","protected":false},"excerpt":{"rendered":"<p>Con el objetivo de cautivar a las personas a trav\u00e9s de la m\u00fasica, la Big Band de la FuerzaA\u00e9rea de Chile (FACH) se present\u00f3 en Punta Arenas, logrando deleitar a&#8230; <a class=\"read-more\" href=\"https:\/\/www.radiopresidenteibanez.cl\/web\/big-band-de-la-fach-hizo-cantar-a-los-magallanicos-con-presentacion-gratuita\/\">Leer m\u00e1s<\/a><\/p>\n","protected":false},"author":2,"featured_media":47484,"comment_status":"closed","ping_status":"closed","sticky":false,"template":"","format":"standard","meta":{"footnotes":""},"categories":[1],"tags":[],"class_list":["post-47483","post","type-post","status-publish","format-standard","has-post-thumbnail","hentry","category-cronica"],"_links":{"self":[{"href":"https:\/\/www.radiopresidenteibanez.cl\/web\/wp-json\/wp\/v2\/posts\/47483","targetHints":{"allow":["GET"]}}],"collection":[{"href":"https:\/\/www.radiopresidenteibanez.cl\/web\/wp-json\/wp\/v2\/posts"}],"about":[{"href":"https:\/\/www.radiopresidenteibanez.cl\/web\/wp-json\/wp\/v2\/types\/post"}],"author":[{"embeddable":true,"href":"https:\/\/www.radiopresidenteibanez.cl\/web\/wp-json\/wp\/v2\/users\/2"}],"replies":[{"embeddable":true,"href":"https:\/\/www.radiopresidenteibanez.cl\/web\/wp-json\/wp\/v2\/comments?post=47483"}],"version-history":[{"count":0,"href":"https:\/\/www.radiopresidenteibanez.cl\/web\/wp-json\/wp\/v2\/posts\/47483\/revisions"}],"wp:featuredmedia":[{"embeddable":true,"href":"https:\/\/www.radiopresidenteibanez.cl\/web\/wp-json\/wp\/v2\/media\/47484"}],"wp:attachment":[{"href":"https:\/\/www.radiopresidenteibanez.cl\/web\/wp-json\/wp\/v2\/media?parent=47483"}],"wp:term":[{"taxonomy":"category","embeddable":true,"href":"https:\/\/www.radiopresidenteibanez.cl\/web\/wp-json\/wp\/v2\/categories?post=47483"},{"taxonomy":"post_tag","embeddable":true,"href":"https:\/\/www.radiopresidenteibanez.cl\/web\/wp-json\/wp\/v2\/tags?post=47483"}],"curies":[{"name":"wp","href":"https:\/\/api.w.org\/{rel}","templated":true}]}}