{"id":47480,"date":"2024-04-03T10:37:00","date_gmt":"2024-04-03T13:37:00","guid":{"rendered":"https:\/\/www.radiopresidenteibanez.cl\/web\/?p=47480"},"modified":"2024-04-03T08:40:47","modified_gmt":"2024-04-03T11:40:47","slug":"autoridades-se-reunen-con-representantes-de-puerto-eden-para-continuar-trabajando-por-la-localidad","status":"publish","type":"post","link":"https:\/\/www.radiopresidenteibanez.cl\/web\/autoridades-se-reunen-con-representantes-de-puerto-eden-para-continuar-trabajando-por-la-localidad\/","title":{"rendered":"AUTORIDADES SE REUNEN CON REPRESENTANTES DE PUERTO EDEN PARA CONTINUAR TRABAJANDO POR LA LOCALIDAD"},"content":{"rendered":"\n<p>En dependencias del Gobierno Regional se<br>reuni\u00f3 el Gobernador Jorge Flies con la alcaldesa de Natales, Antonieta Oyarzo y<br>representantes de la Asamblea Territorial de Puerto Ed\u00e9n para dialogar acerca de<br>los proyectos para esta localidad de Magallanes.<\/p>\n\n\n\n<p>\u201cNosotros identificamos cuatro puntos en los que tenemos que trabajar. Ellos<br>est\u00e1n sacando adelante una cooperativa para responder a sus necesidades de<br>desarrollo y de su situaci\u00f3n de marea roja. En segundo lugar, ya estamos<br>operativamente con un plan de emergencias para contratar a 30 familias de Puerto<br>Ed\u00e9n con un plan laboral\u201d se\u00f1al\u00f3 Flies.<\/p>\n\n\n\n<p>Sumado a esto, el Gobernador Regional, agreg\u00f3 que \u201cotro punto son los medios<br>mar\u00edtimos que ellos necesitan, como la lancha que mueve los desechos hasta el<br>dep\u00f3sito, una segunda lancha de respuesta r\u00e1pida ante un incendio y tercero una<br>lancha que permita llevar el combustible desde la barcaza hasta los motores<br>el\u00e9ctricos. Por \u00faltimo, conversamos sobre el tema el\u00e9ctrico donde tienen un motor<br>que ya no est\u00e1 en uso y otro con gran fragilidad, por eso hablamos con el Director<br>de Senapred para llegar r\u00e1pidamente con uno nuevo\u201d.<\/p>\n\n\n\n<p>Por su parte, Juan Carlos Tonko, representante de la Asamblea Territorial de<br>Puerto Ed\u00e9n, dijo que \u201cnos reunimos para priorizar los proyectos que se hab\u00edan<br>solicitado y agregar unos que han surgido el \u00faltimo tiempo\u201d.<\/p>\n\n\n\n<p>Finalmente, la alcaldesa Oyarzo, declar\u00f3 que \u201cen la reuni\u00f3n coordinamos y<br>tomamos acuerdos por el bienestar de la localidad luego de nos hayan planteado<br>la posibilidad de dar soluci\u00f3n a estos temas que son importantes\u201d.<\/p>\n","protected":false},"excerpt":{"rendered":"<p>En dependencias del Gobierno Regional sereuni\u00f3 el Gobernador Jorge Flies con la alcaldesa de Natales, Antonieta Oyarzo yrepresentantes de la Asamblea Territorial de Puerto Ed\u00e9n para dialogar acerca delos proyectos&#8230; <a class=\"read-more\" href=\"https:\/\/www.radiopresidenteibanez.cl\/web\/autoridades-se-reunen-con-representantes-de-puerto-eden-para-continuar-trabajando-por-la-localidad\/\">Leer m\u00e1s<\/a><\/p>\n","protected":false},"author":2,"featured_media":47481,"comment_status":"closed","ping_status":"closed","sticky":false,"template":"","format":"standard","meta":{"footnotes":""},"categories":[1],"tags":[],"class_list":["post-47480","post","type-post","status-publish","format-standard","has-post-thumbnail","hentry","category-cronica"],"_links":{"self":[{"href":"https:\/\/www.radiopresidenteibanez.cl\/web\/wp-json\/wp\/v2\/posts\/47480","targetHints":{"allow":["GET"]}}],"collection":[{"href":"https:\/\/www.radiopresidenteibanez.cl\/web\/wp-json\/wp\/v2\/posts"}],"about":[{"href":"https:\/\/www.radiopresidenteibanez.cl\/web\/wp-json\/wp\/v2\/types\/post"}],"author":[{"embeddable":true,"href":"https:\/\/www.radiopresidenteibanez.cl\/web\/wp-json\/wp\/v2\/users\/2"}],"replies":[{"embeddable":true,"href":"https:\/\/www.radiopresidenteibanez.cl\/web\/wp-json\/wp\/v2\/comments?post=47480"}],"version-history":[{"count":0,"href":"https:\/\/www.radiopresidenteibanez.cl\/web\/wp-json\/wp\/v2\/posts\/47480\/revisions"}],"wp:featuredmedia":[{"embeddable":true,"href":"https:\/\/www.radiopresidenteibanez.cl\/web\/wp-json\/wp\/v2\/media\/47481"}],"wp:attachment":[{"href":"https:\/\/www.radiopresidenteibanez.cl\/web\/wp-json\/wp\/v2\/media?parent=47480"}],"wp:term":[{"taxonomy":"category","embeddable":true,"href":"https:\/\/www.radiopresidenteibanez.cl\/web\/wp-json\/wp\/v2\/categories?post=47480"},{"taxonomy":"post_tag","embeddable":true,"href":"https:\/\/www.radiopresidenteibanez.cl\/web\/wp-json\/wp\/v2\/tags?post=47480"}],"curies":[{"name":"wp","href":"https:\/\/api.w.org\/{rel}","templated":true}]}}