{"id":47477,"date":"2024-04-03T09:32:00","date_gmt":"2024-04-03T12:32:00","guid":{"rendered":"https:\/\/www.radiopresidenteibanez.cl\/web\/?p=47477"},"modified":"2024-04-03T08:33:28","modified_gmt":"2024-04-03T11:33:28","slug":"la-cocinera-si-en-la-cocina-me-sople-la-sirvienta-entro-e-una-tina-la-cocinera-mi-alma-en-la-cocina-canta-victor-jara","status":"publish","type":"post","link":"https:\/\/www.radiopresidenteibanez.cl\/web\/la-cocinera-si-en-la-cocina-me-sople-la-sirvienta-entro-e-una-tina-la-cocinera-mi-alma-en-la-cocina-canta-victor-jara\/","title":{"rendered":"La cocinera si en la cocina me sople la sirvienta \u00e9ntro e&#8217; una tina la cocinera mi alma en la cocina..\u00bb canta Victor Jara"},"content":{"rendered":"\n<p>La ley 21.561 fue publicada en el Diario Oficial el 26 de abril de 2023 y desde ah\u00ed se dan los plazos para que comiencen a regir nuevas normas, la principal de ellas la rebaja de la jornada de trabajo a 40 horas, lo que se concretar\u00e1 definitivamente en abril de 2028 y que queda establecido en el art\u00edculo 22 del C\u00f3digo del Trabajo.<br>Ahora bien tambi\u00e9n es interesante la modificaci\u00f3n del inciso segundo del art\u00edculo 22 (los excluidos de la jornada), ya que se reducen las responsabilidades o cargos de quienes ser\u00e1n excluidos, aunque ser\u00e1 en definitiva la Inspecci\u00f3n quien resuelva, a consulta de partes en caso de controversia.<\/p>\n\n\n\n<p>2.- Nosotros como trabajadores, no podemos perder de vista en caso alguno nuestras reivindicaciones hist\u00f3ricas.<br>Y es que esta ley, siendo un paso adelante en cuanto a rebaja de jornada, fue concebida en la idea de dar m\u00e1s facilidades a la flexibilidad horaria y deja nuevamente en manos de los patrones, la instalaci\u00f3n de normas que les benefician a ellos. Decimos responsablemente que esta rebaja de jornada no servir\u00e1 para que el trabajador tenga m\u00e1s horas para el descanso y pueda mejorar su vida junto a la familia, salvo que tenga la capacidad de negociar con el empleador una rebaja de horarios sin flexibilidad.<br>Y este ser\u00e1 nuestro m\u00e1s grande desaf\u00edo.<br>Continua&#8230;<\/p>\n","protected":false},"excerpt":{"rendered":"<p>La ley 21.561 fue publicada en el Diario Oficial el 26 de abril de 2023 y desde ah\u00ed se dan los plazos para que comiencen a regir nuevas normas, la&#8230; <a class=\"read-more\" href=\"https:\/\/www.radiopresidenteibanez.cl\/web\/la-cocinera-si-en-la-cocina-me-sople-la-sirvienta-entro-e-una-tina-la-cocinera-mi-alma-en-la-cocina-canta-victor-jara\/\">Leer m\u00e1s<\/a><\/p>\n","protected":false},"author":2,"featured_media":47478,"comment_status":"closed","ping_status":"closed","sticky":false,"template":"","format":"standard","meta":{"footnotes":""},"categories":[1],"tags":[],"class_list":["post-47477","post","type-post","status-publish","format-standard","has-post-thumbnail","hentry","category-cronica"],"_links":{"self":[{"href":"https:\/\/www.radiopresidenteibanez.cl\/web\/wp-json\/wp\/v2\/posts\/47477","targetHints":{"allow":["GET"]}}],"collection":[{"href":"https:\/\/www.radiopresidenteibanez.cl\/web\/wp-json\/wp\/v2\/posts"}],"about":[{"href":"https:\/\/www.radiopresidenteibanez.cl\/web\/wp-json\/wp\/v2\/types\/post"}],"author":[{"embeddable":true,"href":"https:\/\/www.radiopresidenteibanez.cl\/web\/wp-json\/wp\/v2\/users\/2"}],"replies":[{"embeddable":true,"href":"https:\/\/www.radiopresidenteibanez.cl\/web\/wp-json\/wp\/v2\/comments?post=47477"}],"version-history":[{"count":0,"href":"https:\/\/www.radiopresidenteibanez.cl\/web\/wp-json\/wp\/v2\/posts\/47477\/revisions"}],"wp:featuredmedia":[{"embeddable":true,"href":"https:\/\/www.radiopresidenteibanez.cl\/web\/wp-json\/wp\/v2\/media\/47478"}],"wp:attachment":[{"href":"https:\/\/www.radiopresidenteibanez.cl\/web\/wp-json\/wp\/v2\/media?parent=47477"}],"wp:term":[{"taxonomy":"category","embeddable":true,"href":"https:\/\/www.radiopresidenteibanez.cl\/web\/wp-json\/wp\/v2\/categories?post=47477"},{"taxonomy":"post_tag","embeddable":true,"href":"https:\/\/www.radiopresidenteibanez.cl\/web\/wp-json\/wp\/v2\/tags?post=47477"}],"curies":[{"name":"wp","href":"https:\/\/api.w.org\/{rel}","templated":true}]}}