{"id":47473,"date":"2024-04-03T08:12:04","date_gmt":"2024-04-03T11:12:04","guid":{"rendered":"https:\/\/www.radiopresidenteibanez.cl\/web\/?p=47473"},"modified":"2024-04-03T08:12:04","modified_gmt":"2024-04-03T11:12:04","slug":"seremi-de-gobierno-destaca-avances-de-seguridad-en-la-region-de-magallanes","status":"publish","type":"post","link":"https:\/\/www.radiopresidenteibanez.cl\/web\/seremi-de-gobierno-destaca-avances-de-seguridad-en-la-region-de-magallanes\/","title":{"rendered":"SEREMI DE GOBIERNO DESTACA AVANCES DE SEGURIDAD EN LA REGION DE MAGALLANES"},"content":{"rendered":"\n<p>Acorde con la preocupaci\u00f3n de la ciudadan\u00eda, frente a la seguridad p\u00fablica y la<br>delincuencia, el seremi de Gobierno, Andro Mimica, asegura que \u201cse han<br>redoblado los esfuerzos legislativos, econ\u00f3micos y de gesti\u00f3n para conseguir<br>los avances que el Gobierno del Presidente Gabriel Boric ha realizado en el pa\u00eds<br>y la regi\u00f3n\u201d.<br>Con ese objetivo, afirma el vocero, \u201cse ha aumentado el presupuesto de orden<br>y seguridad, desarrollado nuevas pol\u00edticas para combatir el crimen, y publicado<br>la cifra m\u00e1s alta de leyes en materia de seguridad desde la llegada de la<br>democracia. La promulgaci\u00f3n de 36 proyectos de ley sobre seguridad durante<br>el a\u00f1o pasado, sumando un total de 52 iniciativas despachadas en este \u00e1mbito<br>en los dos a\u00f1os de Gobierno\u201d.<br>La vigilancia preventiva<br>El 12 de agosto de 2022 se logra ejecutar en Punta Arenas y Puerto Natales la<br>Secci\u00f3n Centauro de Carabineros de Chile, un servicio focalizado de patrullaje,<br>que funciona en base a puntos calientes o Hot Spot, realizando su labor en los<br>cuadrantes donde hay mayores \u00edndices delictivos.<br>\u201cA nuestra llegada, se puso fin a la concursabilidad en los Municipios, logrando<br>hacer entregas de camionetas en los territorios. Esta estrategia ha permitido<br>llegar a las comunas de Natales, Porvenir, Timaukel y Cabo de Hornos,<br>esperando en los pr\u00f3ximos d\u00edas entregar veh\u00edculos en Laguna Blanca, Torres<br>del Paine y Primavera\u201d, expres\u00f3 Mimica.<br>Con esto, se establecen convenios de Patrullaje Mixto entre funcionarios<br>municipales y Carabineros. El Servicio viene a potenciar la presencia<br>preventiva en las calles, donde un funcionario de seguridad municipal, junto a<br>un funcionario de Carabineros patrullan las principales arterias de la comuna,<\/p>\n\n\n\n<p>en un trabajo colaborativo y mancomunado para aumentar la sensaci\u00f3n de<br>seguridad de la comunidad.<br>En relaci\u00f3n a nueva infraestructura, el vocero argument\u00f3 que \u201cen noviembre<br>del a\u00f1o pasado, se firm\u00f3 el convenio para la construcci\u00f3n de la nueva Primera<br>Comisar\u00eda de Punta Arenas, un edificio de \u00faltima generaci\u00f3n, que contar\u00e1 con<br>una inversi\u00f3n mixta entre Carabineros y el Fondo Nacional de Desarrollo<br>Regional, de 15 mil millones de pesos\u201d.<\/p>\n\n\n\n<p>Mejoras en la investigaci\u00f3n<br>Gracias al proyecto \u201cequipamiento tecnol\u00f3gico de la secci\u00f3n criminal\u00edstica de<br>Carabineros Punta Arenas\u201d, el cual fue adquirido con fondos FNDR, ahora el<br>departamento de investigaci\u00f3n de dicha instituci\u00f3n cuenta con un<br>equipamiento de primera calidad para apoyar los procesos penales.<br>El nuevo equipo permite obtener resultados el mismo d\u00eda de inicio de la<br>investigaci\u00f3n, una mejora sustantiva, entendiendo que antes de la adquisici\u00f3n<br>del nuevo instrumento, el proceso pod\u00eda tardar hasta tres d\u00edas.<br>Aumento de dotaci\u00f3n<br>El seremi de gobierno asegur\u00f3 que \u201ca todos estos avances y mejoras, se suma<br>el significativo aumento de dotaci\u00f3n con el que contar\u00e1 la instituci\u00f3n gracias,<br>entre otras cosas, a los procesos de selecci\u00f3n con mayor igualdad y equidad<br>de oportunidades, flexibilizando los requisitos de ingreso, elimin\u00e1ndose algunos<br>criterios de exclusi\u00f3n, como la estatura m\u00ednima, la edad o tener tatuajes, entre<br>otros\u201d.<br>Entre enero y mayo de 2022, 1.798 personas quisieron ingresar a la<br>instituci\u00f3n, sin embargo, en el mismo periodo del a\u00f1o 2023, la cifra se elev\u00f3 a<br>4.393. En t\u00e9rminos porcentuales, el inter\u00e9s subi\u00f3 en un 144%.<br>Mejor antes que despu\u00e9s<br>Durante la semana, se hizo entrega de los resultados del Programa Lazos, una<br>apuesta de la Delegaci\u00f3n Presidencial de Magallanes que sobrepas\u00f3 todas las<br>expectativas, superando la media nacional en su impacto transformador y de<br>prevenci\u00f3n en la comuna. \u201cLos datos presentados son contundentes: de los 23<br>casos que participaron del programa, ni\u00f1os, ni\u00f1as y j\u00f3venes entre 10 y 17<br>a\u00f1os con comportamientos problem\u00e1ticos o transgresores, el 100% no ha<br>registrado nuevas detenciones, contin\u00faan con su trayectoria escolar,<br>permanecen en sus hogares y no presentan consumo de sustancias o drogas.<br>Quiero resaltar la decisi\u00f3n del Delegado Jos\u00e9 Ruiz de que Lazos vuelva a Punta<br>Arenas, despu\u00e9s de a\u00f1os que el Municipio no lo ejecut\u00f3\u201d.<\/p>\n","protected":false},"excerpt":{"rendered":"<p>Acorde con la preocupaci\u00f3n de la ciudadan\u00eda, frente a la seguridad p\u00fablica y ladelincuencia, el seremi de Gobierno, Andro Mimica, asegura que \u201cse hanredoblado los esfuerzos legislativos, econ\u00f3micos y de&#8230; <a class=\"read-more\" href=\"https:\/\/www.radiopresidenteibanez.cl\/web\/seremi-de-gobierno-destaca-avances-de-seguridad-en-la-region-de-magallanes\/\">Leer m\u00e1s<\/a><\/p>\n","protected":false},"author":2,"featured_media":47474,"comment_status":"closed","ping_status":"closed","sticky":false,"template":"","format":"standard","meta":{"footnotes":""},"categories":[1],"tags":[],"class_list":["post-47473","post","type-post","status-publish","format-standard","has-post-thumbnail","hentry","category-cronica"],"_links":{"self":[{"href":"https:\/\/www.radiopresidenteibanez.cl\/web\/wp-json\/wp\/v2\/posts\/47473","targetHints":{"allow":["GET"]}}],"collection":[{"href":"https:\/\/www.radiopresidenteibanez.cl\/web\/wp-json\/wp\/v2\/posts"}],"about":[{"href":"https:\/\/www.radiopresidenteibanez.cl\/web\/wp-json\/wp\/v2\/types\/post"}],"author":[{"embeddable":true,"href":"https:\/\/www.radiopresidenteibanez.cl\/web\/wp-json\/wp\/v2\/users\/2"}],"replies":[{"embeddable":true,"href":"https:\/\/www.radiopresidenteibanez.cl\/web\/wp-json\/wp\/v2\/comments?post=47473"}],"version-history":[{"count":0,"href":"https:\/\/www.radiopresidenteibanez.cl\/web\/wp-json\/wp\/v2\/posts\/47473\/revisions"}],"wp:featuredmedia":[{"embeddable":true,"href":"https:\/\/www.radiopresidenteibanez.cl\/web\/wp-json\/wp\/v2\/media\/47474"}],"wp:attachment":[{"href":"https:\/\/www.radiopresidenteibanez.cl\/web\/wp-json\/wp\/v2\/media?parent=47473"}],"wp:term":[{"taxonomy":"category","embeddable":true,"href":"https:\/\/www.radiopresidenteibanez.cl\/web\/wp-json\/wp\/v2\/categories?post=47473"},{"taxonomy":"post_tag","embeddable":true,"href":"https:\/\/www.radiopresidenteibanez.cl\/web\/wp-json\/wp\/v2\/tags?post=47473"}],"curies":[{"name":"wp","href":"https:\/\/api.w.org\/{rel}","templated":true}]}}