{"id":47466,"date":"2024-04-02T22:15:47","date_gmt":"2024-04-03T01:15:47","guid":{"rendered":"https:\/\/www.radiopresidenteibanez.cl\/web\/?p=47466"},"modified":"2024-04-02T22:24:14","modified_gmt":"2024-04-03T01:24:14","slug":"denuncian-contrataciones-a-dedo-en-el-bafona","status":"publish","type":"post","link":"https:\/\/www.radiopresidenteibanez.cl\/web\/denuncian-contrataciones-a-dedo-en-el-bafona\/","title":{"rendered":"DENUNCIAN CONTRATACIONES \u00abA DEDO\u00bb EN EL  BAFONA."},"content":{"rendered":"\n<p>El ministerio de las culturas, en la subsecretar\u00eda de las artes, estar\u00eda realizando contrataciones sin concursos p\u00fablicos para la comunidad.<br>Recordemos que el BAFONA sigue inmerso en un gran conflicto de maltrato, que se devela ante las autoridades de justicia este mes, y he aqu\u00ed uno de los principales nichos de contrataci\u00f3n que no se apegan al debido proceso.<\/p>\n\n\n\n<p>Gran cantidad de artistas seguidores del BAFONA esperan cada a\u00f1o tener la oportunidad de postular a sus audiciones, las cuales deben ser publicadas en las redes del Gobierno, sin embargo, esto pocas veces ocurre debido al peque\u00f1o elenco que este ballet alberga. Hoy, el Ballet Folcl\u00f3rico Nacional est\u00e1 realizando contrataciones para reemplazos y estables sin haber llamado a un concurso p\u00fablico, lo que deja a todos los interesados sin ninguna posibilidad de entrar.<\/p>\n\n\n\n<p>Seg\u00fan algunas fuentes contactadas, se tratar\u00eda de una especie de blindaje recomendado para las jefaturas que a\u00fan contin\u00faan acusados de graves maltratos, quienes a\u00fan no reciben ninguna sanci\u00f3n o son removidas por el ministerio o la subsecretar\u00eda, d\u00e1ndoles la posibilidad de contratar nuevos integrantes estables y de reemplazo para ocupar los cargos de los trabajadores segregados.<\/p>\n\n\n\n<p>De igual forma, acusan que uno de los bailarines ejerce como coordinador de la Corporaci\u00f3n Cultural de Lampa, lo que podr\u00eda ser considerado como una falta grave, en caso de que esta persona est\u00e9 recibiendo dos sueldos financiados con dineros p\u00fablicos de cultura.<\/p>\n\n\n\n<p>*Las fuentes prefirieron resguardar su identidad y la de los involucrados, considerando que este problema es responsabilidad de las autoridades competentes y las jefaturas acusadas de maltrato, en ning\u00fan caso de los artistas y trabajadores.<\/p>\n\n\n\n<p>La situaci\u00f3n puede ser denunciada tanto an\u00f3nima como p\u00fablicamente a www.contraloria.cl, esto podr\u00eda permitir que se realicen los concursos y llamados p\u00fablicos correspondientes.<\/p>\n\n\n\n<p>Te invitamos a revisar un reportaje completo sobre los diversos maltratos denunciados por los trabajadores segregados del BAFONA, disponible en el instagram de Cero Anestesia.<\/p>\n\n\n\n<p><a href=\"https:\/\/www.instagram.com\/p\/C5RiuGMuBg_\/\">https:\/\/www.instagram.com\/p\/C5RiuGMuBg_\/<\/a><\/p>\n","protected":false},"excerpt":{"rendered":"<p>El ministerio de las culturas, en la subsecretar\u00eda de las artes, estar\u00eda realizando contrataciones sin concursos p\u00fablicos para la comunidad.Recordemos que el BAFONA sigue inmerso en un gran conflicto de&#8230; <a class=\"read-more\" href=\"https:\/\/www.radiopresidenteibanez.cl\/web\/denuncian-contrataciones-a-dedo-en-el-bafona\/\">Leer m\u00e1s<\/a><\/p>\n","protected":false},"author":2,"featured_media":47472,"comment_status":"closed","ping_status":"closed","sticky":false,"template":"","format":"standard","meta":{"footnotes":""},"categories":[1,4],"tags":[143],"class_list":["post-47466","post","type-post","status-publish","format-standard","has-post-thumbnail","hentry","category-cronica","category-entretenimiento-y-cultura","tag-bafona"],"_links":{"self":[{"href":"https:\/\/www.radiopresidenteibanez.cl\/web\/wp-json\/wp\/v2\/posts\/47466","targetHints":{"allow":["GET"]}}],"collection":[{"href":"https:\/\/www.radiopresidenteibanez.cl\/web\/wp-json\/wp\/v2\/posts"}],"about":[{"href":"https:\/\/www.radiopresidenteibanez.cl\/web\/wp-json\/wp\/v2\/types\/post"}],"author":[{"embeddable":true,"href":"https:\/\/www.radiopresidenteibanez.cl\/web\/wp-json\/wp\/v2\/users\/2"}],"replies":[{"embeddable":true,"href":"https:\/\/www.radiopresidenteibanez.cl\/web\/wp-json\/wp\/v2\/comments?post=47466"}],"version-history":[{"count":0,"href":"https:\/\/www.radiopresidenteibanez.cl\/web\/wp-json\/wp\/v2\/posts\/47466\/revisions"}],"wp:featuredmedia":[{"embeddable":true,"href":"https:\/\/www.radiopresidenteibanez.cl\/web\/wp-json\/wp\/v2\/media\/47472"}],"wp:attachment":[{"href":"https:\/\/www.radiopresidenteibanez.cl\/web\/wp-json\/wp\/v2\/media?parent=47466"}],"wp:term":[{"taxonomy":"category","embeddable":true,"href":"https:\/\/www.radiopresidenteibanez.cl\/web\/wp-json\/wp\/v2\/categories?post=47466"},{"taxonomy":"post_tag","embeddable":true,"href":"https:\/\/www.radiopresidenteibanez.cl\/web\/wp-json\/wp\/v2\/tags?post=47466"}],"curies":[{"name":"wp","href":"https:\/\/api.w.org\/{rel}","templated":true}]}}