{"id":47460,"date":"2024-04-02T16:39:00","date_gmt":"2024-04-02T19:39:00","guid":{"rendered":"https:\/\/www.radiopresidenteibanez.cl\/web\/?p=47460"},"modified":"2024-04-02T16:08:04","modified_gmt":"2024-04-02T19:08:04","slug":"confirman-llegada-de-la-polilla-de-la-harina-a-la-peninsula-antartica","status":"publish","type":"post","link":"https:\/\/www.radiopresidenteibanez.cl\/web\/confirman-llegada-de-la-polilla-de-la-harina-a-la-peninsula-antartica\/","title":{"rendered":"CONFIRMAN LLEGADA DE LA \u00abPOLILLA DE LA HARINA\u00bb A LA PENINSULA ANTARTICA"},"content":{"rendered":"\n<p>En febrero del 2023, durante la LIX Expedici\u00f3n Cient\u00edfica Ant\u00e1rtica (ECA 59) organizada por el Instituto Ant\u00e1rtico Chileno (INACH), investigadoras e investigadores nacionales que se encontraban en la base Yelcho (latitud 64\u00ba S, longitud&nbsp; 63\u00ba O), ubicada en la pen\u00ednsula Ant\u00e1rtica, realizaron un particular descubrimiento: polillas, un insecto nunca antes observado en esa zona.&nbsp;<\/p>\n\n\n\n<p>El hallazgo fue comunicado en un <a href=\"https:\/\/onlinelibrary.wiley.com\/doi\/10.1002\/ece3.10838\" target=\"_blank\" rel=\"noreferrer noopener\">art\u00edculo cient\u00edfico<\/a> publicado en la revista <em>Ecology and Evolution<\/em> en el marco del proyecto \u201cBioinvasiones terrestres y marinas en la Ant\u00e1rtica: retos y oportunidades para la erradicaci\u00f3n de especies invasoras\u201d, una iniciativa financiada por la Agencia Nacional de Investigaci\u00f3n y Desarrollo (ANID) y liderada por la investigadora del INACH, Dra. Ximena Salinas Silva.&nbsp;<\/p>\n\n\n\n<p>Este proyecto de vinculaci\u00f3n internacional ha logrado establecer una colaboraci\u00f3n entre diversos equipos en Chile y Corea del Sur, representados por instituciones como la Universidad Cat\u00f3lica del Maule, el Instituto Milenio BASE, la Universidad de Concepci\u00f3n, el Instituto Coreano de Investigaci\u00f3n Polar (KOPRI) y el INACH. \u201cEste proyecto aborda de manera integral el desaf\u00edo de las bioinvasiones terrestres y marinas en la Ant\u00e1rtica. A trav\u00e9s del estudio de las distintas l\u00edneas de bioinvasiones, incluyendo los insectos, el medio marino y las especies vegetales que afectan al suelo ant\u00e1rtico, el proyecto busca comprender los patrones de establecimiento de estas especies invasoras en este ecosistema \u00fanico\u201d, se\u00f1ala Salinas.&nbsp;<\/p>\n\n\n\n<p>El descubrimiento de <em>Plodia interpunctella<\/em>, tambi\u00e9n conocida como la \u201cpolilla india de la harina\u201d o \u201cpolilla de los granos\u201d, marca un hito significativo: esta especie es considerada una plaga dom\u00e9stica en gran parte del mundo. Sus larvas polillas suelen colocar sus huevos en granos como avena, arroz o harina, donde se desarrollan hasta convertirse en polillas adultas que revolotean por las alacenas y despensas.<\/p>\n\n\n\n<p>Aunque no consiguen sobrevivir por mucho tiempo en climas fr\u00edos, lo cierto es que pueden prosperar f\u00e1cilmente en interiores y su presencia se ha expandido al resto de los cinco continentes. En los \u00faltimos a\u00f1os ya se hab\u00eda registrado la presencia de este lepid\u00f3ptero en bases de otros pa\u00edses en el norte de la pen\u00ednsula Ant\u00e1rtica en los a\u00f1os 2017 y 2021, pero ahora se ha desplazado lentamente hacia el sur, a m\u00e1s de 200 kil\u00f3metros de estos primeros casos reportados.<\/p>\n\n\n\n<p>Seg\u00fan el bi\u00f3logo evolutivo Dr. Hugo Ben\u00edtez, investigador de la Universidad del Maule e Instituto Milenio BASE y autor principal del estudio, este es el registro m\u00e1s meridional documentado de este insecto, lo que muestra la creciente amenaza que representan las especies invasoras para los ecosistemas ant\u00e1rticos a medida que avanzan los efectos del cambio clim\u00e1tico. \u201cEsta polilla nunca hab\u00eda sido vista tan lejos de las islas Shetlands del Sur. Yelcho es la estaci\u00f3n cient\u00edfica m\u00e1s al sur donde se ha encontrado, por lo tanto, marca el avistamiento m\u00e1s meridional de esta especie\u201d, explica Ben\u00edtez.&nbsp;<\/p>\n\n\n\n<p>Tras realizar el primer avistamiento y otro efectuado dos d\u00edas despu\u00e9s, las y los investigadores capturaron estos insectos, los que se trajeron al continente para secuenciar su ADN y confirmar que se trataba de <em>Plodia interpunctella<\/em>.&nbsp;<\/p>\n\n\n\n<p>Aunque las temperaturas en la Ant\u00e1rtica son muy bajas para que estas polillas se propaguen en el aire, siempre existe la posibilidad de que aparezcan en otras bases de la pen\u00ednsula Ant\u00e1rtica. La presencia de especies invasoras representa una amenaza para la biodiversidad polar de acuerdo con el Protocolo sobre Protecci\u00f3n del Medio Ambiente. Estos insectos pueden convertirse en vectores potenciales de otras especies no nativas, lo que puede tener efectos no deseados en el equilibrio de los ecosistemas ant\u00e1rticos.<\/p>\n\n\n\n<p>El INACH es un organismo t\u00e9cnico del Ministerio de Relaciones Exteriores con plena autonom\u00eda en todo lo relacionado con asuntos ant\u00e1rticos de car\u00e1cter cient\u00edfico, tecnol\u00f3gico y de difusi\u00f3n. El INACH cumple con la Pol\u00edtica Ant\u00e1rtica Nacional incentivando el desarrollo de la investigaci\u00f3n de excelencia, participando efectivamente en el Sistema del Tratado Ant\u00e1rtico y foros relacionados, fortaleciendo a Magallanes como puerta de entrada al Continente Blanco y realizando acciones de divulgaci\u00f3n del conocimiento ant\u00e1rtico en la ciudadan\u00eda. El INACH organiza el Programa Nacional de Ciencia Ant\u00e1rtica (PROCIEN).<\/p>\n","protected":false},"excerpt":{"rendered":"<p>En febrero del 2023, durante la LIX Expedici\u00f3n Cient\u00edfica Ant\u00e1rtica (ECA 59) organizada por el Instituto Ant\u00e1rtico Chileno (INACH), investigadoras e investigadores nacionales que se encontraban en la base Yelcho&#8230; <a class=\"read-more\" href=\"https:\/\/www.radiopresidenteibanez.cl\/web\/confirman-llegada-de-la-polilla-de-la-harina-a-la-peninsula-antartica\/\">Leer m\u00e1s<\/a><\/p>\n","protected":false},"author":2,"featured_media":47461,"comment_status":"closed","ping_status":"closed","sticky":false,"template":"","format":"standard","meta":{"footnotes":""},"categories":[1],"tags":[],"class_list":["post-47460","post","type-post","status-publish","format-standard","has-post-thumbnail","hentry","category-cronica"],"_links":{"self":[{"href":"https:\/\/www.radiopresidenteibanez.cl\/web\/wp-json\/wp\/v2\/posts\/47460","targetHints":{"allow":["GET"]}}],"collection":[{"href":"https:\/\/www.radiopresidenteibanez.cl\/web\/wp-json\/wp\/v2\/posts"}],"about":[{"href":"https:\/\/www.radiopresidenteibanez.cl\/web\/wp-json\/wp\/v2\/types\/post"}],"author":[{"embeddable":true,"href":"https:\/\/www.radiopresidenteibanez.cl\/web\/wp-json\/wp\/v2\/users\/2"}],"replies":[{"embeddable":true,"href":"https:\/\/www.radiopresidenteibanez.cl\/web\/wp-json\/wp\/v2\/comments?post=47460"}],"version-history":[{"count":0,"href":"https:\/\/www.radiopresidenteibanez.cl\/web\/wp-json\/wp\/v2\/posts\/47460\/revisions"}],"wp:featuredmedia":[{"embeddable":true,"href":"https:\/\/www.radiopresidenteibanez.cl\/web\/wp-json\/wp\/v2\/media\/47461"}],"wp:attachment":[{"href":"https:\/\/www.radiopresidenteibanez.cl\/web\/wp-json\/wp\/v2\/media?parent=47460"}],"wp:term":[{"taxonomy":"category","embeddable":true,"href":"https:\/\/www.radiopresidenteibanez.cl\/web\/wp-json\/wp\/v2\/categories?post=47460"},{"taxonomy":"post_tag","embeddable":true,"href":"https:\/\/www.radiopresidenteibanez.cl\/web\/wp-json\/wp\/v2\/tags?post=47460"}],"curies":[{"name":"wp","href":"https:\/\/api.w.org\/{rel}","templated":true}]}}