{"id":47443,"date":"2024-04-02T09:37:27","date_gmt":"2024-04-02T12:37:27","guid":{"rendered":"https:\/\/www.radiopresidenteibanez.cl\/web\/?p=47443"},"modified":"2024-04-02T09:37:40","modified_gmt":"2024-04-02T12:37:40","slug":"muere-a-los-85-anos-el-exministro-de-la-dictadura-sergio-fernandez","status":"publish","type":"post","link":"https:\/\/www.radiopresidenteibanez.cl\/web\/muere-a-los-85-anos-el-exministro-de-la-dictadura-sergio-fernandez\/","title":{"rendered":"MUERE A LOS 85 A\u00d1OS EL EXMINISTRO DE LA DICTADURA SERGIO FERN\u00c1NDEZ."},"content":{"rendered":"\n<p><strong>El tambi\u00e9n fundador de la UDI fue sindicado por diversas organizaciones de Derechos Humanos como c\u00f3mplice del r\u00e9gimen que encabez\u00f3 Augusto Pinochet.<\/strong><\/p>\n\n\n\n<p><a href=\"https:\/\/radio.uchile.cl\/\">https:\/\/radio.uchile.cl\/<\/a><\/p>\n\n\n\n<p>A la edad de 85 a\u00f1os falleci\u00f3 el exministro de Interior y del Trabajo durante la dictadura militar,<strong>&nbsp;Sergio Fern\u00e1ndez Fern\u00e1ndez<\/strong>, uno de los civiles con m\u00e1s poder dentro del r\u00e9gimen y que fue sindicado por diversas organizaciones como c\u00f3mplice de la Junta Militar.<\/p>\n\n\n\n<p>Nacido en Punta Arenas, se titul\u00f3 de derecho en la Universidad de Chile y en 1976 comenz\u00f3 su carrera pol\u00edtica en 1976 cuando asumi\u00f3 como ministro del Trabajo y Previsi\u00f3n Social de la dictadura, cargo que ostento hasta enero de 1978.<\/p>\n\n\n\n<p>Luego de ejercer por un breve periodo como contralor, fue designado en 1978 como ministro del Interior del r\u00e9gimen, siendo el primer civil en ocupar ese cargo.&nbsp;<strong>Entre sus primeros movimientos pol\u00edticos se encuentra la eliminaci\u00f3n del general Gustavo Leigh de la Junta Militar de Gobierno<\/strong>, por sus constantes enfrentamientos con Pinochet, por diferencias pol\u00edticas profundas, logrando la salida del aviador. Tambi\u00e9n, particip\u00f3 en la redacci\u00f3n de la Constituci\u00f3n Pol\u00edtica de 1980, y en su calidad de \u201cjefe de gabinete\u201d firm\u00f3 el texto constitucional. Asimismo, particip\u00f3 en la dictaci\u00f3n de la Ley de Amnist\u00eda del 19 de abril de 1978.<\/p>\n\n\n\n<p>Se convirti\u00f3 en uno de los miembros del Ministerio casi imprescindible para Pinochet, y en el civil m\u00e1s destacado del r\u00e9gimen. Sin embargo, cay\u00f3 v\u00edctima de la crisis internacional de 1980, que repercuti\u00f3 fuerte en Chile desplom\u00e1ndose la econom\u00eda.<\/p>\n\n\n\n<p>Fern\u00e1ndez, aliado de Sergio de Castro, el l\u00edder de los Chicago Boys, le propon\u00eda a Pinochet la profundizaci\u00f3n del r\u00e9gimen neoliberal para enfrentar la crisis. A pesar de aquello,&nbsp;<strong>Pinochet no consider\u00f3 factibles sus propuestas, y tanto el como Castro presentaron la renuncia<\/strong>, siendo designados para reemplazarlos el general Enrique Montero Marx y Sergio de la Cuadra respectivamente, el 22 de abril de 1982.<\/p>\n\n\n\n<p>Fern\u00e1ndez adem\u00e1s fue uno de los miembros fundadores del partido Uni\u00f3n Dem\u00f3crata Independiente (UDI), junto a Jaime Guzm\u00e1n y Pablo Longueira, entre otros dirigentes.<\/p>\n\n\n\n<p>Regres\u00f3 al Ministerio del Interior el 7 de julio de 1987, en el marco de la cercan\u00eda del plebiscito nacional de 1988, que decidir\u00eda si Pinochet seguir\u00eda o no por ocho a\u00f1os m\u00e1s en el poder. Sobre la campa\u00f1a declarar\u00eda, en su libro Mi lucha por la democracia: \u201cLos resultados (de su campa\u00f1a) fueron lamentables. Al cabo de muy pocos d\u00edas nadie pudo ignorar la evidente superioridad t\u00e9cnica de la franja del No, mejor construcci\u00f3n argumental, mejores filmaciones, mejor m\u00fasica.&nbsp;<strong>Su melod\u00eda caracter\u00edstica, en torno a la frase \u201cla alegr\u00eda ya viene\u201d, era tan pegajosa, que hasta los partidarios del S\u00ed la tarareaban inconscientemente<\/strong>\u201c.<\/p>\n\n\n\n<p>El 19 de diciembre de 1989, en conformidad al texto constitucional vigente a la \u00e9poca, fue designado por el general Pinochet, como senador de la Rep\u00fablica, en su calidad de exministro de Estado, por el periodo legislativo 1990-1998. Durante su gesti\u00f3n, fue senador reemplazante en la Comisi\u00f3n Permanente de Constituci\u00f3n, Legislaci\u00f3n, Justicia y Reglamento durante los primeros a\u00f1os de su labor, y luego fue parte de dicha Comisi\u00f3n.<\/p>\n\n\n\n<p>En las elecciones parlamentarias de 1997, present\u00f3 su candidatura a la permanencia en el Senado por la Decimonovena Circunscripci\u00f3n, dentro del pacto electoral \u201cUni\u00f3n por Chile\u201d. Obtuvo 14.187 votos, correspondientes al 24,17% del total de sufragios v\u00e1lidamente emitidos,&nbsp;<strong>resultando electo gracias al sistema binominal<\/strong>, a pesar de contar con la tercera mayor\u00eda, desplazando al candidato que hab\u00eda quedado en segundo lugar, Rolando Calder\u00f3n, del Partido Socialista.<\/p>\n\n\n\n<p>Desde fines de 1999, pes\u00f3 sobre \u00e9l una orden de captura internacional, solicitada por el juez Baltasar Garz\u00f3n, por las violaciones a los derechos humanos cometidas durante la dictadura. Desde Chile se trat\u00f3 de dejar sin efecto la orden de captura, sin \u00e9xito.<\/p>\n\n\n\n<p>En tanto,&nbsp;<strong>en 2005 fue ingresada una petici\u00f3n para su desafuero<\/strong>, por su presunta vinculaci\u00f3n con la \u2018Operaci\u00f3n C\u00f3ndor\u2019 cuando ejerc\u00eda como secretario de Estado, entre 1978 y 1982, acci\u00f3n a la que se sum\u00f3 el Consejo de Defensa del Estado. Esta finalmente fue rechazada por la Corte de Apelaciones.<\/p>\n\n\n\n<p>Desde la UDI publicaron un comunicado en el cual lamentan la muerte del exministro, en el que valoraron \u201csu contribuci\u00f3n al proceso de retorno a la normalizaci\u00f3n democr\u00e1tica y su papel protag\u00f3nico en el dise\u00f1o de la transici\u00f3n hacia un r\u00e9gimen democr\u00e1tico y en paz para nuestra patria\u201d.<\/p>\n\n\n\n<p>Texto e Imagen: Radio Universidad de Chile.<\/p>\n","protected":false},"excerpt":{"rendered":"<p>El tambi\u00e9n fundador de la UDI fue sindicado por diversas organizaciones de Derechos Humanos como c\u00f3mplice del r\u00e9gimen que encabez\u00f3 Augusto Pinochet. https:\/\/radio.uchile.cl\/ A la edad de 85 a\u00f1os falleci\u00f3&#8230; <a class=\"read-more\" href=\"https:\/\/www.radiopresidenteibanez.cl\/web\/muere-a-los-85-anos-el-exministro-de-la-dictadura-sergio-fernandez\/\">Leer m\u00e1s<\/a><\/p>\n","protected":false},"author":2,"featured_media":47444,"comment_status":"closed","ping_status":"closed","sticky":false,"template":"","format":"standard","meta":{"footnotes":""},"categories":[1,117,5],"tags":[],"class_list":["post-47443","post","type-post","status-publish","format-standard","has-post-thumbnail","hentry","category-cronica","category-derechos-humanos","category-politica"],"_links":{"self":[{"href":"https:\/\/www.radiopresidenteibanez.cl\/web\/wp-json\/wp\/v2\/posts\/47443","targetHints":{"allow":["GET"]}}],"collection":[{"href":"https:\/\/www.radiopresidenteibanez.cl\/web\/wp-json\/wp\/v2\/posts"}],"about":[{"href":"https:\/\/www.radiopresidenteibanez.cl\/web\/wp-json\/wp\/v2\/types\/post"}],"author":[{"embeddable":true,"href":"https:\/\/www.radiopresidenteibanez.cl\/web\/wp-json\/wp\/v2\/users\/2"}],"replies":[{"embeddable":true,"href":"https:\/\/www.radiopresidenteibanez.cl\/web\/wp-json\/wp\/v2\/comments?post=47443"}],"version-history":[{"count":0,"href":"https:\/\/www.radiopresidenteibanez.cl\/web\/wp-json\/wp\/v2\/posts\/47443\/revisions"}],"wp:featuredmedia":[{"embeddable":true,"href":"https:\/\/www.radiopresidenteibanez.cl\/web\/wp-json\/wp\/v2\/media\/47444"}],"wp:attachment":[{"href":"https:\/\/www.radiopresidenteibanez.cl\/web\/wp-json\/wp\/v2\/media?parent=47443"}],"wp:term":[{"taxonomy":"category","embeddable":true,"href":"https:\/\/www.radiopresidenteibanez.cl\/web\/wp-json\/wp\/v2\/categories?post=47443"},{"taxonomy":"post_tag","embeddable":true,"href":"https:\/\/www.radiopresidenteibanez.cl\/web\/wp-json\/wp\/v2\/tags?post=47443"}],"curies":[{"name":"wp","href":"https:\/\/api.w.org\/{rel}","templated":true}]}}