{"id":47439,"date":"2024-04-02T10:22:00","date_gmt":"2024-04-02T13:22:00","guid":{"rendered":"https:\/\/www.radiopresidenteibanez.cl\/web\/?p=47439"},"modified":"2024-04-02T08:46:09","modified_gmt":"2024-04-02T11:46:09","slug":"hasta-el-10-de-abril-estaran-abiertas-las-postulaciones-a-los-programas-de-emprendimientos-del-fosis","status":"publish","type":"post","link":"https:\/\/www.radiopresidenteibanez.cl\/web\/hasta-el-10-de-abril-estaran-abiertas-las-postulaciones-a-los-programas-de-emprendimientos-del-fosis\/","title":{"rendered":"HASTA EL 10 DE ABRIL ESTARAN ABIERTAS LAS POSTULACIONES A LOS PROGRAMAS DE EMPRENDIMIENTOS DEL FOSIS"},"content":{"rendered":"\n<p>Un nuevo proceso de postulaciones para los programas de emprendimiento 2024 del Fondo de Solidaridad e Inversi\u00f3n Social, FOSIS, est\u00e1 disponible para aquellos que tengan una idea de negocio o un negocio en funcionamiento, para participar en el programa Emprendamos, en sus versiones Semilla, B\u00e1sico y Avanzado.<\/p>\n\n\n\n<p>Estas iniciativas entregan una etapa de formaci\u00f3n o capacitaci\u00f3n en materias relativas para iniciar o fortalecer un emprendimiento, junto con asesor\u00edas personalizadas y el financiamiento que va entre $450.000 a $600.000, dependiendo de la versi\u00f3n del programa.<\/p>\n\n\n\n<p>\u201cLos programas de emprendimiento buscan fortalecer las habilidades en la gesti\u00f3n de un negocio de una persona. Creemos sumamente relevante y potente que las habilidades para emprender se mantengan en el tiempo en las personas emprendedoras, independiente del emprendimiento que puedan ir impulsando. En ese sentido, nosotros hacemos estos talleres y capacitaciones, asesor\u00edas individuales en la formulaci\u00f3n de un plan de negocio y, por cierto, generamos el componente de inversi\u00f3n para atender aquellas necesidades que las personas emprendedoras priorizan en su plan de negocio\u201d, explic\u00f3 el director regional del FOSIS, Felipe Jeria Palma.<\/p>\n\n\n\n<p>Si bien cada programa tiene requisitos espec\u00edficos, en general, pueden postular personas mayores de edad, que residan en una comuna donde se desarrolle el programa; adem\u00e1s de tener el Registro Social de Hogares y estar en los tramos de mayor vulnerabilidad. Para las comunas de Punta Arenas y Natales pertenecer al tramo hasta 50%; en tanto, para Porvenir y Cabo de Hornos, encontrarse dentro del 60% de vulnerabilidad.<\/p>\n\n\n\n<p>Hasta el 10 de abril los interesados pueden postular de manera online en <a href=\"http:\/\/www.fosis.gob.cl\">www.fosis.gob.cl<\/a>, con su Clave\u00danica. Adem\u00e1s pueden asistir presencialmente en Punta Arenas a la oficina regional del FOSIS, ubicada en Lautaro Navarro #358; en las oficinas ChileAtiende comunales; y en las delegaciones presidenciales de Magallanes, \u00daltima Esperanza y Tierra del Fuego; adem\u00e1s de los municipios de Porvenir y Natales; todos ellos gracias a convenios con el FOSIS para facilitar el acceso y acompa\u00f1amiento de la comunidad.<\/p>\n\n\n\n<p><strong>Canales de atenci\u00f3n presencial<\/strong><\/p>\n\n\n\n<p>\u2022 Las personas que cumplan con los requisitos podr\u00e1n postular en:<\/p>\n\n\n\n<ul class=\"wp-block-list\">\n<li>En la oficina regional del FOSIS ubicada en Lautaro Navarro N\u00b0 358 en la comuna de Punta Arenas, en horario de lunes a viernes de 9:00 a 13:00 Hrs. Igualmente, atenci\u00f3n preferencial para mujeres los mi\u00e9rcoles de 14:30 a 17:00 hrs.<\/li>\n<\/ul>\n\n\n\n<ul class=\"wp-block-list\">\n<li>En las oficinas de ChileAtiende.<\/li>\n<\/ul>\n\n\n\n<ul class=\"wp-block-list\">\n<li>Delegaci\u00f3n Presidencial Regional de Magallanes. Horario de Atenci\u00f3n: lunes a viernes de 08:30 a 12:30 hrs.<\/li>\n<\/ul>\n\n\n\n<ul class=\"wp-block-list\">\n<li>Delegaci\u00f3n Presidencial Provincial de Tierra del Fuego. Horario de Atenci\u00f3n: lunes a viernes de 09:00 a 13:00 hrs. y de 15:00 a 17:00 hrs.<\/li>\n<\/ul>\n\n\n\n<ul class=\"wp-block-list\">\n<li>Delegaci\u00f3n Presidencial Provincial de \u00daltima Esperanza. Horario de Atenci\u00f3n: lunes a jueves de 15:00 hrs. a 17:00 hrs.<\/li>\n<\/ul>\n\n\n\n<ul class=\"wp-block-list\">\n<li>En el Departamento de Fomento Productivo, Municipalidad de Natales. Horario de Atenci\u00f3n: lunes a viernes de 08:30 hrs. a 13:00 hrs. y de 14:30 a 16:30 hrs.<\/li>\n<\/ul>\n\n\n\n<ul class=\"wp-block-list\">\n<li>Municipalidad de Porvenir. Horario de Atenci\u00f3n: de 08:00 hrs. a 13:00 hrs. y de 14:30 a 17:00 hrs.<\/li>\n<\/ul>\n","protected":false},"excerpt":{"rendered":"<p>Un nuevo proceso de postulaciones para los programas de emprendimiento 2024 del Fondo de Solidaridad e Inversi\u00f3n Social, FOSIS, est\u00e1 disponible para aquellos que tengan una idea de negocio o&#8230; <a class=\"read-more\" href=\"https:\/\/www.radiopresidenteibanez.cl\/web\/hasta-el-10-de-abril-estaran-abiertas-las-postulaciones-a-los-programas-de-emprendimientos-del-fosis\/\">Leer m\u00e1s<\/a><\/p>\n","protected":false},"author":2,"featured_media":47440,"comment_status":"closed","ping_status":"closed","sticky":false,"template":"","format":"standard","meta":{"footnotes":""},"categories":[1],"tags":[],"class_list":["post-47439","post","type-post","status-publish","format-standard","has-post-thumbnail","hentry","category-cronica"],"_links":{"self":[{"href":"https:\/\/www.radiopresidenteibanez.cl\/web\/wp-json\/wp\/v2\/posts\/47439","targetHints":{"allow":["GET"]}}],"collection":[{"href":"https:\/\/www.radiopresidenteibanez.cl\/web\/wp-json\/wp\/v2\/posts"}],"about":[{"href":"https:\/\/www.radiopresidenteibanez.cl\/web\/wp-json\/wp\/v2\/types\/post"}],"author":[{"embeddable":true,"href":"https:\/\/www.radiopresidenteibanez.cl\/web\/wp-json\/wp\/v2\/users\/2"}],"replies":[{"embeddable":true,"href":"https:\/\/www.radiopresidenteibanez.cl\/web\/wp-json\/wp\/v2\/comments?post=47439"}],"version-history":[{"count":0,"href":"https:\/\/www.radiopresidenteibanez.cl\/web\/wp-json\/wp\/v2\/posts\/47439\/revisions"}],"wp:featuredmedia":[{"embeddable":true,"href":"https:\/\/www.radiopresidenteibanez.cl\/web\/wp-json\/wp\/v2\/media\/47440"}],"wp:attachment":[{"href":"https:\/\/www.radiopresidenteibanez.cl\/web\/wp-json\/wp\/v2\/media?parent=47439"}],"wp:term":[{"taxonomy":"category","embeddable":true,"href":"https:\/\/www.radiopresidenteibanez.cl\/web\/wp-json\/wp\/v2\/categories?post=47439"},{"taxonomy":"post_tag","embeddable":true,"href":"https:\/\/www.radiopresidenteibanez.cl\/web\/wp-json\/wp\/v2\/tags?post=47439"}],"curies":[{"name":"wp","href":"https:\/\/api.w.org\/{rel}","templated":true}]}}