{"id":47395,"date":"2024-03-31T12:20:00","date_gmt":"2024-03-31T15:20:00","guid":{"rendered":"https:\/\/www.radiopresidenteibanez.cl\/web\/?p=47395"},"modified":"2024-03-31T11:05:03","modified_gmt":"2024-03-31T14:05:03","slug":"por-una-mejor-region-para-todos","status":"publish","type":"post","link":"https:\/\/www.radiopresidenteibanez.cl\/web\/por-una-mejor-region-para-todos\/","title":{"rendered":"Por una mejor regi\u00f3n para todos\u2026"},"content":{"rendered":"\n<p>Como CPC Magallanes, queremos resaltar la fuerza que tenemos cuando actuamos todos<br>juntos por el futuro de nuestra gente en la regi\u00f3n. Es muy significativo el trabajo que se ha<br>hecho conjuntamente con el Gabinete Pro Crecimiento de la Delegaci\u00f3n Presidencial,<br>encabezado por Jos\u00e9 Ruiz, al que se ha integrado en los grandes temas el Gobernador Jorge<br>Flies.<br>Desde que iniciamos el proyecto en conjunto, p\u00fablico privado, para crear y dar vida a un sello<br>regional que reconozca a aquellas empresas que se identifican y aportan positivamente al<br>crecimiento de Magallanes y Ant\u00e1rtica Chilena, hay dos temas en que nuestras autoridades se<br>han jugado a nivel central y eso debe destacarse:<br>El Estatuto Ant\u00e1rtico dej\u00f3 varios reglamentos pendientes de confecci\u00f3n, para regular<br>esencialmente las actividades de los privados, empresas Magall\u00e1nicas que cumplen diversos<br>roles en la Ant\u00e1rtica y que representan un gran porcentaje de las labores operativas que<br>realiza nuestro pa\u00eds en esa zona, siempre desde Magallanes. Lamentablemente los 3<br>reglamentos: el Tur\u00edstico, el Log\u00edstico y el de la Secci\u00f3n Nacional de la CRVMMA, fueron<br>dictados sin consultar nada a la regi\u00f3n, con las consecuencias de excluir a los operadores<br>ant\u00e1rticos privados, tanto de la gobernanza, como de la operaci\u00f3n por requisitos imposibles de<br>cumplir.<br>Las autoridades locales han efectuado una defensa de la regi\u00f3n, pidiendo una moratoria (que<br>no se apliquen) por un lapso, manteniendo las normas anteriores, dando espacio para poder<br>discutir una reglamentaci\u00f3n desde los territorios, con un sentido pr\u00e1ctico en beneficio de Chile<br>y los habitantes de Magallanes, y no confeccionados desde una oficina en Santiago.<br>Lo mismo ha ocurrido en materia de pesca, donde en Magallanes por un problema de clima y<br>lejan\u00eda, la \u00fanica forma real de operar mar a fuera, es con buques factor\u00edas, que por lo dem\u00e1s<br>aportan trabajo y movimiento a la regi\u00f3n, buques que s\u00f3lo se autorizan en Magallanes, pero<br>que el proyecto de Ley de Pesca \u201colvid\u00f3\u201d autorizar. El Delegado y autoridades entendieron<br>r\u00e1pidamente que este olvido era \u201crestar, restar\u201d para la regi\u00f3n y generaron las conversaciones<br>necesarias para que la autoridad nacional percibiera el error.<br>Queremos con esta comunicaci\u00f3n elogiar el compromiso demostrado en estos dos ejes de<br>crecimiento econ\u00f3mico por parte de nuestras autoridades regionales, pero tambi\u00e9n queremos<br>resaltar c\u00f3mo cuando trabajamos juntos, podemos alcanzar objetivos en beneficio de los<br>Magall\u00e1nicos que a veces parecen sencillamente imposibles. Aspiramos a que este esfuerzo<br>efectuado en estos ejes de desarrollo estrat\u00e9gico se puedan replicar en otros, como el<br>salmonero, el del hidrogeno verde, el pesquero artesanal, el ganadero, el tur\u00edstico etc., para<br>propiciar el desarrollo socioecon\u00f3mico mejorando las oportunidades de crecimiento de una<br>regi\u00f3n cada d\u00eda m\u00e1s productiva.<br>Directorio CPC Magallanes.<\/p>\n","protected":false},"excerpt":{"rendered":"<p>Como CPC Magallanes, queremos resaltar la fuerza que tenemos cuando actuamos todosjuntos por el futuro de nuestra gente en la regi\u00f3n. Es muy significativo el trabajo que se hahecho conjuntamente&#8230; <a class=\"read-more\" href=\"https:\/\/www.radiopresidenteibanez.cl\/web\/por-una-mejor-region-para-todos\/\">Leer m\u00e1s<\/a><\/p>\n","protected":false},"author":2,"featured_media":47396,"comment_status":"closed","ping_status":"closed","sticky":false,"template":"","format":"standard","meta":{"footnotes":""},"categories":[1],"tags":[],"class_list":["post-47395","post","type-post","status-publish","format-standard","has-post-thumbnail","hentry","category-cronica"],"_links":{"self":[{"href":"https:\/\/www.radiopresidenteibanez.cl\/web\/wp-json\/wp\/v2\/posts\/47395","targetHints":{"allow":["GET"]}}],"collection":[{"href":"https:\/\/www.radiopresidenteibanez.cl\/web\/wp-json\/wp\/v2\/posts"}],"about":[{"href":"https:\/\/www.radiopresidenteibanez.cl\/web\/wp-json\/wp\/v2\/types\/post"}],"author":[{"embeddable":true,"href":"https:\/\/www.radiopresidenteibanez.cl\/web\/wp-json\/wp\/v2\/users\/2"}],"replies":[{"embeddable":true,"href":"https:\/\/www.radiopresidenteibanez.cl\/web\/wp-json\/wp\/v2\/comments?post=47395"}],"version-history":[{"count":0,"href":"https:\/\/www.radiopresidenteibanez.cl\/web\/wp-json\/wp\/v2\/posts\/47395\/revisions"}],"wp:featuredmedia":[{"embeddable":true,"href":"https:\/\/www.radiopresidenteibanez.cl\/web\/wp-json\/wp\/v2\/media\/47396"}],"wp:attachment":[{"href":"https:\/\/www.radiopresidenteibanez.cl\/web\/wp-json\/wp\/v2\/media?parent=47395"}],"wp:term":[{"taxonomy":"category","embeddable":true,"href":"https:\/\/www.radiopresidenteibanez.cl\/web\/wp-json\/wp\/v2\/categories?post=47395"},{"taxonomy":"post_tag","embeddable":true,"href":"https:\/\/www.radiopresidenteibanez.cl\/web\/wp-json\/wp\/v2\/tags?post=47395"}],"curies":[{"name":"wp","href":"https:\/\/api.w.org\/{rel}","templated":true}]}}