{"id":47392,"date":"2024-03-31T11:02:22","date_gmt":"2024-03-31T14:02:22","guid":{"rendered":"https:\/\/www.radiopresidenteibanez.cl\/web\/?p=47392"},"modified":"2024-03-31T11:02:32","modified_gmt":"2024-03-31T14:02:32","slug":"con-cursos-de-administracion-de-bodega-y-manipulacion-de-alimentos-enap-inicio-las-capacitaciones-2024","status":"publish","type":"post","link":"https:\/\/www.radiopresidenteibanez.cl\/web\/con-cursos-de-administracion-de-bodega-y-manipulacion-de-alimentos-enap-inicio-las-capacitaciones-2024\/","title":{"rendered":"CON CURSOS DE ADMINISTRACI\u00d3N DE BODEGA Y MANIPULACI\u00d3N DE ALIMENTOS ENAP INICI\u00d3 LAS CAPACITACIONES 2024"},"content":{"rendered":"\n<p>Con dos cursos en Administraci\u00f3n de bodegas<br>y otros 2 en Manipulaci\u00f3n de alimentos, Enap Magallanes inici\u00f3 la edici\u00f3n 2024 de su<br>programa de capacitaciones, con el cual la empresa refuerza su aporte al territorio y su<br>v\u00ednculo con la comunidad.<br>Para cada uno de estos cursos fueron m\u00e1s de ciento cincuenta las postulaciones,<br>quedando finalmente seleccionadas 20 personas para cada uno de ellos, apuntando<br>siempre, como prioridad, a quienes est\u00e9n cesantes o bien busquen mejorar su<br>empleabilidad. \u201cEn Enap siempre estamos atentos a las necesidades de capacitaci\u00f3n que<br>surgen en Magallanes y las atendemos por distintas v\u00edas, a trav\u00e9s de municipios, servicios<br>p\u00fablicos o las secretar\u00edas regionales ministeriales, y en otras oportunidades las<br>proponemos nosotros. Este a\u00f1o partimos con estas dos alternativas de formaci\u00f3n laboral<br>que son altamente demandadas en la regi\u00f3n y eso qued\u00f3 demostrado en la gran cantidad<br>de solicitudes que llegaron. De hecho, en primera instancia era un curso de cada uno y<br>pasamos a dos debido a la alta demanda\u201d, explic\u00f3 Alfonso Pacheco, jefe de Comunidades<br>Enap Magallanes.&nbsp;&nbsp;<br>Seg\u00fan explica, el curso Administraci\u00f3n de Bodega aborda los principales conceptos<br>involucrados en la gesti\u00f3n de bodega y control eficiente de inventario, el an\u00e1lisis de las<br>herramientas de mejoramiento aplicadas a las operaciones de bodega; las herramientas<br>de mejoramiento de gesti\u00f3n de bodega de acuerdo con las caracter\u00edsticas del entorno<br>laboral; y la aplicaci\u00f3n de t\u00e9cnicas de gesti\u00f3n de inventario.&nbsp;&nbsp;<br>Respecto de Manipulaci\u00f3n de Alimentos, al t\u00e9rmino del curso los participantes \u201cconocer\u00e1n<br>las medidas de protecci\u00f3n de los alimentos, de acuerdo con la normativa;&nbsp; ser\u00e1n capaces<br>de reconocer los principales agentes de generaci\u00f3n de enfermedades transmitidas por los<br>alimentos; podr\u00e1n identificar los factores que inciden en la contaminaci\u00f3n de los<br>alimentos y aplicar\u00e1n procedimientos de buenas pr\u00e1cticas de manipulaci\u00f3n e higienizaci\u00f3n<br>de alimentos de acuerdo con las medidas de prevenci\u00f3n de contaminaci\u00f3n y alteraci\u00f3n<br>alimentaria\u201d, precis\u00f3 Pacheco.&nbsp;<br>Este trabajo -ejecutado con los excedentes de las franquicias tributarias de la empresa, a<br>trav\u00e9s del Sence- se basa tambi\u00e9n en un c\u00edrculo virtuoso, generando empleo en los<br>diferentes Organismos T\u00e9cnicos de Capacitaci\u00f3n (OTEC) de la regi\u00f3n. Ya son m\u00e1s de 7 las<br>OTEC que trabajan con Enap en Magallanes, alianzas que se mantuvieron incluso durante<\/p>\n\n\n\n<p>la \u00e9poca de pandemia. \u201cHemos vivido todo un proceso de aprendizaje con las OTEC, tanto<br>para levantar cursos que tengan que ver con las necesidades laborales de la regi\u00f3n,<br>buscando siempre brechas que pudiesen existir y que tengan relaci\u00f3n con el \u00e1mbito de<br>acci\u00f3n de Enap; como tambi\u00e9n para ir adaptando nuestras ofertas seg\u00fan el contexto que<br>vivimos. Fue el caso de los a\u00f1os de pandemia, donde adaptamos las capacitaciones,<br>pasando de presencial a online principalmente; promoviendo, por ejemplo, el<br>conocimiento digital para adultos mayores y dirigentes vecinales, la desinfecci\u00f3n de<br>espacios o la confecci\u00f3n de mascarillas, entre varios otros\u201d, destac\u00f3 Pacheco.&nbsp;&nbsp;<br>Este a\u00f1o, se espera concretar un total de 20 capacitaciones aproximadamente, invirtiendo<br>en capital humano m\u00e1s de 243 millones de pesos.&nbsp;&nbsp;<br>Pr\u00f3ximamente se lanzar\u00e1n nuevas convocatorias a trav\u00e9s de la p\u00e1gina de Facebook Enap<br>Magallanes, una de ellas para el curso Asistente Administrativo Contable, con la<br>posibilidad de participar en forma remota desde las diversas comunas de la regi\u00f3n.<br>Adicionalmente, dada la alta demanda por este curso, se programar\u00e1 uno para 20<br>mujeres, en un trabajo conjunto con Fundaci\u00f3n Prodemu.<\/p>\n","protected":false},"excerpt":{"rendered":"<p>Con dos cursos en Administraci\u00f3n de bodegasy otros 2 en Manipulaci\u00f3n de alimentos, Enap Magallanes inici\u00f3 la edici\u00f3n 2024 de suprograma de capacitaciones, con el cual la empresa refuerza su&#8230; <a class=\"read-more\" href=\"https:\/\/www.radiopresidenteibanez.cl\/web\/con-cursos-de-administracion-de-bodega-y-manipulacion-de-alimentos-enap-inicio-las-capacitaciones-2024\/\">Leer m\u00e1s<\/a><\/p>\n","protected":false},"author":2,"featured_media":47393,"comment_status":"closed","ping_status":"closed","sticky":false,"template":"","format":"standard","meta":{"footnotes":""},"categories":[1],"tags":[],"class_list":["post-47392","post","type-post","status-publish","format-standard","has-post-thumbnail","hentry","category-cronica"],"_links":{"self":[{"href":"https:\/\/www.radiopresidenteibanez.cl\/web\/wp-json\/wp\/v2\/posts\/47392","targetHints":{"allow":["GET"]}}],"collection":[{"href":"https:\/\/www.radiopresidenteibanez.cl\/web\/wp-json\/wp\/v2\/posts"}],"about":[{"href":"https:\/\/www.radiopresidenteibanez.cl\/web\/wp-json\/wp\/v2\/types\/post"}],"author":[{"embeddable":true,"href":"https:\/\/www.radiopresidenteibanez.cl\/web\/wp-json\/wp\/v2\/users\/2"}],"replies":[{"embeddable":true,"href":"https:\/\/www.radiopresidenteibanez.cl\/web\/wp-json\/wp\/v2\/comments?post=47392"}],"version-history":[{"count":0,"href":"https:\/\/www.radiopresidenteibanez.cl\/web\/wp-json\/wp\/v2\/posts\/47392\/revisions"}],"wp:featuredmedia":[{"embeddable":true,"href":"https:\/\/www.radiopresidenteibanez.cl\/web\/wp-json\/wp\/v2\/media\/47393"}],"wp:attachment":[{"href":"https:\/\/www.radiopresidenteibanez.cl\/web\/wp-json\/wp\/v2\/media?parent=47392"}],"wp:term":[{"taxonomy":"category","embeddable":true,"href":"https:\/\/www.radiopresidenteibanez.cl\/web\/wp-json\/wp\/v2\/categories?post=47392"},{"taxonomy":"post_tag","embeddable":true,"href":"https:\/\/www.radiopresidenteibanez.cl\/web\/wp-json\/wp\/v2\/tags?post=47392"}],"curies":[{"name":"wp","href":"https:\/\/api.w.org\/{rel}","templated":true}]}}