{"id":47382,"date":"2024-03-29T09:32:00","date_gmt":"2024-03-29T12:32:00","guid":{"rendered":"https:\/\/www.radiopresidenteibanez.cl\/web\/?p=47382"},"modified":"2024-03-29T11:35:06","modified_gmt":"2024-03-29T14:35:06","slug":"obispo-monsenor-oscar-blanco-realizo-misa-de-jueves-santo-en-casa-del-samaritano","status":"publish","type":"post","link":"https:\/\/www.radiopresidenteibanez.cl\/web\/obispo-monsenor-oscar-blanco-realizo-misa-de-jueves-santo-en-casa-del-samaritano\/","title":{"rendered":"Obispo Monse\u00f1or \u00d3scar Blanco realiz\u00f3 misa de Jueves Santo en Casa del Samaritano"},"content":{"rendered":"\n<p>Este jueves 28 de marzo, al mediod\u00eda, se llev\u00f3 a cabo la Misa de la Cena del<br>Se\u00f1or en la Casa del Samaritano, hogar para personas mayores a cargo de la<br>Fundaci\u00f3n para el Desarrollo de Magallanes, Fide XII. La eucarist\u00eda fue presidida<br>por el Obispo de Punta Arenas, Monse\u00f1or \u00d3scar Blanco, y estuvo dirigida a los 28<br>\u201chermanos mayores\u201d que habitan el hogar, ubicado en calle Balmaceda #736.<br>En la instancia, se realiz\u00f3 la ceremonia del \u201clavatorio de pies\u201d, como un s\u00edmbolo de<br>humildad y vocaci\u00f3n de servicio, recordando la cita b\u00edblica donde Jes\u00fas, durante la<br>\u00daltima Cena, lava los pies de sus ap\u00f3stoles como ejemplo de empat\u00eda y entrega al<br>pr\u00f3jimo.<br>Al respecto, el Obispo se\u00f1al\u00f3 que \u201ceste d\u00eda recordamos el don del sacerdocio, la<br>eucarist\u00eda y sobre todo el don del servicio. Jes\u00fas nos dio una ense\u00f1anza tremenda<br>con su actitud; sirviendo a los dem\u00e1s y con una gran preferencia a los m\u00e1s pobres,<br>los m\u00e1s desamparados, los m\u00e1s vulnerables. Ac\u00e1 hay personas vulnerables,<br>personas que est\u00e1n abandonadas y que gracias a Dios aqu\u00ed est\u00e1n bien atendidos<br>y acogidos. Todos estamos llamados a servir a esas personas que necesitan del<br>servicio de los dem\u00e1s\u201d.<br>En la misma l\u00ednea, el director ejecutivo de Fide XII, Reinaldo Leiva, junto con<br>agradecer a la autoridad eclesi\u00e1stica sostuvo que es \u201cjustamente ese esp\u00edritu de<br>entrega e lo que caracteriza a la Casa del Samaritano. Hay una entrega grande<br>por parte del personal que trabaja en esta casa y tambi\u00e9n la hay por parte de los<br>hermanos mayores en su convivencia diaria. Si t\u00fa te pones a observar, ves el<br>compa\u00f1erismo y la solidaridad que hay entre ellos. Porque el que no puede<br>caminar es ayudado por el que puede caminar, y ese mismo esp\u00edritu es el que<br>pudimos ver hoy\u201d.<\/p>\n","protected":false},"excerpt":{"rendered":"<p>Este jueves 28 de marzo, al mediod\u00eda, se llev\u00f3 a cabo la Misa de la Cena delSe\u00f1or en la Casa del Samaritano, hogar para personas mayores a cargo de laFundaci\u00f3n&#8230; <a class=\"read-more\" href=\"https:\/\/www.radiopresidenteibanez.cl\/web\/obispo-monsenor-oscar-blanco-realizo-misa-de-jueves-santo-en-casa-del-samaritano\/\">Leer m\u00e1s<\/a><\/p>\n","protected":false},"author":2,"featured_media":47383,"comment_status":"closed","ping_status":"closed","sticky":false,"template":"","format":"standard","meta":{"footnotes":""},"categories":[1],"tags":[],"class_list":["post-47382","post","type-post","status-publish","format-standard","has-post-thumbnail","hentry","category-cronica"],"_links":{"self":[{"href":"https:\/\/www.radiopresidenteibanez.cl\/web\/wp-json\/wp\/v2\/posts\/47382","targetHints":{"allow":["GET"]}}],"collection":[{"href":"https:\/\/www.radiopresidenteibanez.cl\/web\/wp-json\/wp\/v2\/posts"}],"about":[{"href":"https:\/\/www.radiopresidenteibanez.cl\/web\/wp-json\/wp\/v2\/types\/post"}],"author":[{"embeddable":true,"href":"https:\/\/www.radiopresidenteibanez.cl\/web\/wp-json\/wp\/v2\/users\/2"}],"replies":[{"embeddable":true,"href":"https:\/\/www.radiopresidenteibanez.cl\/web\/wp-json\/wp\/v2\/comments?post=47382"}],"version-history":[{"count":0,"href":"https:\/\/www.radiopresidenteibanez.cl\/web\/wp-json\/wp\/v2\/posts\/47382\/revisions"}],"wp:featuredmedia":[{"embeddable":true,"href":"https:\/\/www.radiopresidenteibanez.cl\/web\/wp-json\/wp\/v2\/media\/47383"}],"wp:attachment":[{"href":"https:\/\/www.radiopresidenteibanez.cl\/web\/wp-json\/wp\/v2\/media?parent=47382"}],"wp:term":[{"taxonomy":"category","embeddable":true,"href":"https:\/\/www.radiopresidenteibanez.cl\/web\/wp-json\/wp\/v2\/categories?post=47382"},{"taxonomy":"post_tag","embeddable":true,"href":"https:\/\/www.radiopresidenteibanez.cl\/web\/wp-json\/wp\/v2\/tags?post=47382"}],"curies":[{"name":"wp","href":"https:\/\/api.w.org\/{rel}","templated":true}]}}