{"id":47337,"date":"2024-03-27T17:13:00","date_gmt":"2024-03-27T20:13:00","guid":{"rendered":"https:\/\/www.radiopresidenteibanez.cl\/web\/?p=47337"},"modified":"2024-03-27T15:25:09","modified_gmt":"2024-03-27T18:25:09","slug":"coordinan-trabajo-por-liderazgo-juvenil-y-salud-mental","status":"publish","type":"post","link":"https:\/\/www.radiopresidenteibanez.cl\/web\/coordinan-trabajo-por-liderazgo-juvenil-y-salud-mental\/","title":{"rendered":"COORDINAN TRABAJO POR LIDERAZGO JUVENIL Y SALUD MENTAL"},"content":{"rendered":"\n<p>Avanzan las gestiones del Instituto Nacional de la Juventud (INJUV) y el Servicio Local de Educaci\u00f3n<br>P\u00fablica Magallanes para coordinar un programa de trabajo conjunto que involucre a los<br>estudiantes y sus recintos educativos.<br>Con este objetivo, la directora regional del INJUV, Carla Cifuentes Vladilo, se reuni\u00f3 con el director<br>ejecutivo del SLEP Magallanes, Mario Garc\u00eda Mart\u00ednez, y con la subdirectora de la Unidad de Apoyo<br>T\u00e9cnico Pedag\u00f3gico, Elizabeth Ar\u00e1nguiz Rivera.<br>Carla Cifuentes explic\u00f3 que se trata de la continuaci\u00f3n de un proceso que comenz\u00f3 el a\u00f1o pasado<br>en el marco del trabajo que desarrolla en INJUV con los Centros de Estudiantes.<br>Agreg\u00f3 que, en esta etapa, est\u00e1n viendo la posibilidad de generar convenios para trabajar en<br>apoyo al liderazgo estudiantil, la participaci\u00f3n y el uso de espacios en los establecimientos<br>educacionales para actividades en beneficio de los j\u00f3venes.<br>Asimismo, hay una oferta de talleres que priorizan materias que fueron solicitadas desde las<br>mismas organizaciones juveniles y los establecimientos educacionales. Estas son el cuidado de la<br>salud mental con orientaciones sobre depresi\u00f3n, ansiedad y prevenci\u00f3n del suicidio; y el fomento<br>de la participaci\u00f3n juvenil en diferentes instancias en la comunidad donde puedan opinar acerca<br>de las pol\u00edticas p\u00fablicas.<br>La directora del INJUV adelant\u00f3 tambi\u00e9n que en mayo organizar\u00e1n una jornada con los Centros de<br>Estudiantes y sus profesores asesores.<\/p>\n","protected":false},"excerpt":{"rendered":"<p>Avanzan las gestiones del Instituto Nacional de la Juventud (INJUV) y el Servicio Local de Educaci\u00f3nP\u00fablica Magallanes para coordinar un programa de trabajo conjunto que involucre a losestudiantes y sus&#8230; <a class=\"read-more\" href=\"https:\/\/www.radiopresidenteibanez.cl\/web\/coordinan-trabajo-por-liderazgo-juvenil-y-salud-mental\/\">Leer m\u00e1s<\/a><\/p>\n","protected":false},"author":2,"featured_media":47338,"comment_status":"closed","ping_status":"closed","sticky":false,"template":"","format":"standard","meta":{"footnotes":""},"categories":[1],"tags":[],"class_list":["post-47337","post","type-post","status-publish","format-standard","has-post-thumbnail","hentry","category-cronica"],"_links":{"self":[{"href":"https:\/\/www.radiopresidenteibanez.cl\/web\/wp-json\/wp\/v2\/posts\/47337","targetHints":{"allow":["GET"]}}],"collection":[{"href":"https:\/\/www.radiopresidenteibanez.cl\/web\/wp-json\/wp\/v2\/posts"}],"about":[{"href":"https:\/\/www.radiopresidenteibanez.cl\/web\/wp-json\/wp\/v2\/types\/post"}],"author":[{"embeddable":true,"href":"https:\/\/www.radiopresidenteibanez.cl\/web\/wp-json\/wp\/v2\/users\/2"}],"replies":[{"embeddable":true,"href":"https:\/\/www.radiopresidenteibanez.cl\/web\/wp-json\/wp\/v2\/comments?post=47337"}],"version-history":[{"count":0,"href":"https:\/\/www.radiopresidenteibanez.cl\/web\/wp-json\/wp\/v2\/posts\/47337\/revisions"}],"wp:featuredmedia":[{"embeddable":true,"href":"https:\/\/www.radiopresidenteibanez.cl\/web\/wp-json\/wp\/v2\/media\/47338"}],"wp:attachment":[{"href":"https:\/\/www.radiopresidenteibanez.cl\/web\/wp-json\/wp\/v2\/media?parent=47337"}],"wp:term":[{"taxonomy":"category","embeddable":true,"href":"https:\/\/www.radiopresidenteibanez.cl\/web\/wp-json\/wp\/v2\/categories?post=47337"},{"taxonomy":"post_tag","embeddable":true,"href":"https:\/\/www.radiopresidenteibanez.cl\/web\/wp-json\/wp\/v2\/tags?post=47337"}],"curies":[{"name":"wp","href":"https:\/\/api.w.org\/{rel}","templated":true}]}}