{"id":47334,"date":"2024-03-27T15:50:00","date_gmt":"2024-03-27T18:50:00","guid":{"rendered":"https:\/\/www.radiopresidenteibanez.cl\/web\/?p=47334"},"modified":"2024-03-27T15:17:52","modified_gmt":"2024-03-27T18:17:52","slug":"71-familias-conocieron-la-vivienda-piloto-de-su-futuro-conjunto-habitacional-lomas-del-bosque-3","status":"publish","type":"post","link":"https:\/\/www.radiopresidenteibanez.cl\/web\/71-familias-conocieron-la-vivienda-piloto-de-su-futuro-conjunto-habitacional-lomas-del-bosque-3\/","title":{"rendered":"71 FAMILIAS CONOCIERON LA VIVIENDA PILOTO DE SU FUTURO CONJUNTO HABITACIONAL LOMAS DEL BOSQUE 3"},"content":{"rendered":"\n<p>&nbsp;Las 71 personas que son integrantes de la agrupaci\u00f3n Suyai Kawescar, conocieron la vivienda piloto del loteo Lomas del Bosque 3, que construye el&nbsp;<strong>Ministerio de Vivienda y Urbanismo<\/strong>&nbsp;y que cuenta con un complemento de recursos del Gobierno Regional, para una inversi\u00f3n total de 6 mil millones de pesos.<\/p>\n\n\n\n<p>\u201cHoy estamos presentes acompa\u00f1ando a las familias, porque no podemos dejar de lado el rol social del Ministerio de Vivienda y Urbanismo. Nuestro rol es hacer un acompa\u00f1amiento desde el principio hasta la entrega de la llave. Hoy estuvimos con familias muy emocionadas por ver la vivienda piloto terminada y con esto ellos ya conocen lo que van a recibir el pr\u00f3ximo a\u00f1o, en marzo de 2025 es el plazo contractual para la entrega de estas viviendas\u201d, explic\u00f3 el seremi de Vivienda y Urbanismo&nbsp;<strong>Marco Uribe Saldivia<\/strong>.<\/p>\n\n\n\n<p>A su vez, el seremi de Gobierno&nbsp;<strong>Andro Mimica Guerrero<\/strong>&nbsp;destac\u00f3 que \u201cpara nosotros como gobierno del Presidente Gabriel Boric es muy significativo estar acompa\u00f1ando a las familias, un vecinos nos dec\u00eda que por m\u00e1s de 30 a\u00f1os ha intentando tener una casa propia y este sue\u00f1o se va a hacer realidad\u201d.<\/p>\n\n\n\n<p>Agreg\u00f3 que \u201cel trabajo que ha desarrollado el Ministerio de Vivienda y Urbanismo ha sido un trabajo serio y responsable que ha dado respuesta a las necesidades que hoy d\u00eda tiene la Regi\u00f3n. Estamos en un 88% de avance del Plan de Emergencia Habitacional, es el n\u00famero m\u00e1s alto a nivel nacional. 1725 viviendas que se han entregado con llave en mano y casi 2400 en proceso de construcci\u00f3n. Ac\u00e1 se demuestra que es una pol\u00edtica de Estado, que podemos avanzar en conjunto con las distintas instituciones y por poder brindar una respuesta a quienes por tanto tiempo han buscado una soluci\u00f3n\u201d.<\/p>\n\n\n\n<p>Respecto al proyecto, el director regional subrogante de Serviu&nbsp;<strong>Omar Gonz\u00e1lez Asenjo<\/strong>&nbsp;destac\u00f3 que \u201cestas viviendas tienen un metraje de 58 m2, tienen tres dormitorios, ventanas termopanel, calefacci\u00f3n central con toallero en el ba\u00f1o y termostato digital, y pr\u00e1cticamente vienen con todas las terminaciones para que las familias puedan habitarlas en un corto plazo, una vez que se haga la entrega\u201d.<\/p>\n\n\n\n<p>El proyecto considera viviendas independientes de dos pisos, 65 casas de 58 metros cuadrados (m2) y seis de 65 m2 para personas con discapacidad. Y el loteo contar\u00e1 con \u00e1reas verdes, plaza de juegos infantiles y sala de uso m\u00faltiple de 109 m2.<\/p>\n\n\n\n<p>El loteo Lomas del Bosque 3 se construye en el sector norponiente de la ciudad, sobre avenida Frei, cercano a centros comerciales y el Hospital Cl\u00ednico de Magallanes, ubicaci\u00f3n donde en total se desarrollan 6 proyectos habitacionales con 462 viviendas.<\/p>\n","protected":false},"excerpt":{"rendered":"<p>&nbsp;Las 71 personas que son integrantes de la agrupaci\u00f3n Suyai Kawescar, conocieron la vivienda piloto del loteo Lomas del Bosque 3, que construye el&nbsp;Ministerio de Vivienda y Urbanismo&nbsp;y que cuenta&#8230; <a class=\"read-more\" href=\"https:\/\/www.radiopresidenteibanez.cl\/web\/71-familias-conocieron-la-vivienda-piloto-de-su-futuro-conjunto-habitacional-lomas-del-bosque-3\/\">Leer m\u00e1s<\/a><\/p>\n","protected":false},"author":2,"featured_media":47335,"comment_status":"closed","ping_status":"closed","sticky":false,"template":"","format":"standard","meta":{"footnotes":""},"categories":[1],"tags":[],"class_list":["post-47334","post","type-post","status-publish","format-standard","has-post-thumbnail","hentry","category-cronica"],"_links":{"self":[{"href":"https:\/\/www.radiopresidenteibanez.cl\/web\/wp-json\/wp\/v2\/posts\/47334","targetHints":{"allow":["GET"]}}],"collection":[{"href":"https:\/\/www.radiopresidenteibanez.cl\/web\/wp-json\/wp\/v2\/posts"}],"about":[{"href":"https:\/\/www.radiopresidenteibanez.cl\/web\/wp-json\/wp\/v2\/types\/post"}],"author":[{"embeddable":true,"href":"https:\/\/www.radiopresidenteibanez.cl\/web\/wp-json\/wp\/v2\/users\/2"}],"replies":[{"embeddable":true,"href":"https:\/\/www.radiopresidenteibanez.cl\/web\/wp-json\/wp\/v2\/comments?post=47334"}],"version-history":[{"count":0,"href":"https:\/\/www.radiopresidenteibanez.cl\/web\/wp-json\/wp\/v2\/posts\/47334\/revisions"}],"wp:featuredmedia":[{"embeddable":true,"href":"https:\/\/www.radiopresidenteibanez.cl\/web\/wp-json\/wp\/v2\/media\/47335"}],"wp:attachment":[{"href":"https:\/\/www.radiopresidenteibanez.cl\/web\/wp-json\/wp\/v2\/media?parent=47334"}],"wp:term":[{"taxonomy":"category","embeddable":true,"href":"https:\/\/www.radiopresidenteibanez.cl\/web\/wp-json\/wp\/v2\/categories?post=47334"},{"taxonomy":"post_tag","embeddable":true,"href":"https:\/\/www.radiopresidenteibanez.cl\/web\/wp-json\/wp\/v2\/tags?post=47334"}],"curies":[{"name":"wp","href":"https:\/\/api.w.org\/{rel}","templated":true}]}}