{"id":47314,"date":"2024-03-27T08:23:57","date_gmt":"2024-03-27T11:23:57","guid":{"rendered":"https:\/\/www.radiopresidenteibanez.cl\/web\/?p=47314"},"modified":"2024-03-27T08:24:41","modified_gmt":"2024-03-27T11:24:41","slug":"cadi-umag-celebro-lanzamiento-de-proyecto-destinado-a-mejorar-la-calidad-de-vida-de-personas-mayores","status":"publish","type":"post","link":"https:\/\/www.radiopresidenteibanez.cl\/web\/cadi-umag-celebro-lanzamiento-de-proyecto-destinado-a-mejorar-la-calidad-de-vida-de-personas-mayores\/","title":{"rendered":"CADI UMAG CELEBRO LANZAMIENTO DE PROYECTO DESTINADO A MEJORAR LA CALIDAD DE VIDA DE PERSONAS MAYORES"},"content":{"rendered":"\n<p>El Centro Asistencial Docente e Investigaci\u00f3n de la Universidad de Magallanes (CADI-UMAG) present\u00f3 el proyecto denominado&nbsp;<strong>\u201cVitalidad Senior\u201d<\/strong>, que beneficiar\u00e1 a 30 personas mayores de Punta Arenas mediante charlas y talleres para promover el autocuidado y la dependencia funcional de manera integral.<\/p>\n\n\n\n<p>Esta iniciativa recibi\u00f3 financiamiento del sistema&nbsp;Elige Vivir Sano,&nbsp;a trav\u00e9s de su fondo concursable \u201cPromoci\u00f3n de entornos saludables\u201d, por un monto de $20 millones para contribuir al financiamiento de talleres destinados al fortalecimiento muscular y a la educaci\u00f3n alimentaria.<\/p>\n\n\n\n<p>Al respecto, la directora del CADI-UMAG,&nbsp;<strong>Karena Espinoza Saavedra<\/strong>&nbsp;valor\u00f3 el proyecto, se\u00f1alando que \u201csurge de un profundo compromiso con el bienestar integral de nuestras personas mayores, reconociendo que cada uno de ellos merece vivir con dignidad, autonom\u00eda y plenitud\u201d. Seg\u00fan resalt\u00f3, \u201ca trav\u00e9s de este proyecto, buscamos proporcionarles herramientas, recursos y oportunidades para que puedan mantenerse activos, saludables y conectados con su comunidad\u2019\u2019.<\/p>\n\n\n\n<p>Para Espinoza, adem\u00e1s, la iniciativa involucra acciones que van alineadas con el enfoque del CADI UMAG, que se centra en promover h\u00e1bitos de vida saludables, y fomentar la actividad f\u00edsica y mental, junto con crear espacios inclusivos donde las personas mayores y comunidad en general, puedan socializar, aprender y disfrutar de nuevas experiencias.<\/p>\n\n\n\n<p>El Seremi de Desarrollo Social y Familia,&nbsp;<strong>Danilo Mimica Mansilla,<\/strong>&nbsp;en tanto, coment\u00f3 que, \u201ces muy importante poder estar apoyando la labor que realiza el CADI-UMAG porque beneficia a un p\u00fablico clave de nuestra pol\u00edtica social de Gobierno: las personas mayores y las personas con dependencia. El CADI ha recibido financiamiento de nuestro ministerio a trav\u00e9s del fondo concursable \u201cPara Vivir Mejor\u201d, y recientemente por medio de nuestro sistema Elige Vivir Sano recursos para ejecutar estos talleres y charlas. Esperamos que los hombres y mujeres beneficiarias de este proyecto participen plena y activamente porque el envejecimiento digno y saludable, es un derecho que debemos garantizar y cuidar en nuestra sociedad\u2019\u2019.<\/p>\n\n\n\n<p>Durante la presentaci\u00f3n, una de las beneficiarias de esta iniciativa, Nancy Oyarzo, reconoci\u00f3, en su discurso, el constante apoyo y herramientas que han recibido desde las y los profesionales que ejecutan este proyecto; as\u00ed como tambi\u00e9n, de las autoridades que instan a que estos programas lleguen a la mayor cantidad de poblaci\u00f3n; fomentando la inclusi\u00f3n y participaci\u00f3n activa, en este caso, de las personas mayores.<\/p>\n\n\n\n<p>Por \u00faltimo, desde el Centro Asistencial Docente e Investigaci\u00f3n, y el equipo coordinador, se sell\u00f3 el compromiso por continuar trabajando arduamente por&nbsp;garantizar que \u201cVitalidad Senior\u201d cumpla con sus objetivos de mejorar la calidad de vida de sus 30 beneficiarios y beneficiarias.<\/p>\n\n\n\n<p>Dando cierre al hito, la coordinadora&nbsp;<strong>Tabitha Castro<\/strong>, agradeci\u00f3 al Ministerio de Desarrollo Social y Familia, a trav\u00e9s de su sistema Elige Vivir Sano por la confianza y apoyo en este importante proyecto, esperando seguir colaborando estrechamente con todas las partes involucradas para lograr resultados significativos y duraderos.<\/p>\n","protected":false},"excerpt":{"rendered":"<p>El Centro Asistencial Docente e Investigaci\u00f3n de la Universidad de Magallanes (CADI-UMAG) present\u00f3 el proyecto denominado&nbsp;\u201cVitalidad Senior\u201d, que beneficiar\u00e1 a 30 personas mayores de Punta Arenas mediante charlas y talleres&#8230; <a class=\"read-more\" href=\"https:\/\/www.radiopresidenteibanez.cl\/web\/cadi-umag-celebro-lanzamiento-de-proyecto-destinado-a-mejorar-la-calidad-de-vida-de-personas-mayores\/\">Leer m\u00e1s<\/a><\/p>\n","protected":false},"author":2,"featured_media":47315,"comment_status":"closed","ping_status":"closed","sticky":false,"template":"","format":"standard","meta":{"footnotes":""},"categories":[1],"tags":[],"class_list":["post-47314","post","type-post","status-publish","format-standard","has-post-thumbnail","hentry","category-cronica"],"_links":{"self":[{"href":"https:\/\/www.radiopresidenteibanez.cl\/web\/wp-json\/wp\/v2\/posts\/47314","targetHints":{"allow":["GET"]}}],"collection":[{"href":"https:\/\/www.radiopresidenteibanez.cl\/web\/wp-json\/wp\/v2\/posts"}],"about":[{"href":"https:\/\/www.radiopresidenteibanez.cl\/web\/wp-json\/wp\/v2\/types\/post"}],"author":[{"embeddable":true,"href":"https:\/\/www.radiopresidenteibanez.cl\/web\/wp-json\/wp\/v2\/users\/2"}],"replies":[{"embeddable":true,"href":"https:\/\/www.radiopresidenteibanez.cl\/web\/wp-json\/wp\/v2\/comments?post=47314"}],"version-history":[{"count":0,"href":"https:\/\/www.radiopresidenteibanez.cl\/web\/wp-json\/wp\/v2\/posts\/47314\/revisions"}],"wp:featuredmedia":[{"embeddable":true,"href":"https:\/\/www.radiopresidenteibanez.cl\/web\/wp-json\/wp\/v2\/media\/47315"}],"wp:attachment":[{"href":"https:\/\/www.radiopresidenteibanez.cl\/web\/wp-json\/wp\/v2\/media?parent=47314"}],"wp:term":[{"taxonomy":"category","embeddable":true,"href":"https:\/\/www.radiopresidenteibanez.cl\/web\/wp-json\/wp\/v2\/categories?post=47314"},{"taxonomy":"post_tag","embeddable":true,"href":"https:\/\/www.radiopresidenteibanez.cl\/web\/wp-json\/wp\/v2\/tags?post=47314"}],"curies":[{"name":"wp","href":"https:\/\/api.w.org\/{rel}","templated":true}]}}