{"id":47308,"date":"2024-03-26T16:37:00","date_gmt":"2024-03-26T19:37:00","guid":{"rendered":"https:\/\/www.radiopresidenteibanez.cl\/web\/?p=47308"},"modified":"2024-03-26T15:24:46","modified_gmt":"2024-03-26T18:24:46","slug":"sernac-en-magallanes-conmemoro-el-dia-mundial-del-consumidor-con-diversas-actividades","status":"publish","type":"post","link":"https:\/\/www.radiopresidenteibanez.cl\/web\/sernac-en-magallanes-conmemoro-el-dia-mundial-del-consumidor-con-diversas-actividades\/","title":{"rendered":"SERNAC EN MAGALLANES CONMEMOR\u00d3 EL \u201cD\u00cdA MUNDIAL DEL CONSUMIDOR\u201d CON DIVERSAS ACTIVIDADES"},"content":{"rendered":"\n<p>En el contexto del \u201cD\u00eda Mundial del Consumidor\u201d, SERNAC despleg\u00f3 sus facultades, realizando acciones de fiscalizaci\u00f3n en el comercio de Punta Arenas para verificar el cumplimiento de la Ley del Consumidor, especialmente si se informa adecuadamente los precios de los productos y servicios.<\/p>\n\n\n\n<p>Asimismo, revis\u00f3 c\u00f3mo est\u00e1n comunicando el cumplimiento del derecho a la garant\u00eda legal, el cual aplica cuando los productos nuevos salen defectuosos, teniendo las personas consumidoras la posibilidad del cambio del producto, su reparaci\u00f3n o la devoluci\u00f3n del dinero, en un plazo de 6 meses. Paralelamente, se instal\u00f3 un m\u00f3dulo de atenci\u00f3n en el sector del Boulevard de la Zona Franca, en el cual funcionarios de Sernac entregaron material informativo y recibieron consultas y reclamos del p\u00fablico asistente en el recinto.<\/p>\n\n\n\n<p>La Directora Regional del SERNAC de Magallanes y la Ant\u00e1rtida Chilena, Pamela Ram\u00edrez, junto con valorar la conmemoraci\u00f3n de esta fecha, destac\u00f3 los avances en materia de protecci\u00f3n de los derechos de los consumidores alcanzados en el \u00faltimo tiempo, como la entrada en vigencia de la Ley 21.081 en el a\u00f1o 2019, que le otorg\u00f3 al SERNAC su facultad fiscalizadora; o la Ley Pro Consumidor en 2021, que fortaleci\u00f3 una serie de derechos de las personas en diversos \u00e1mbitos, como el aumento del plazo de la garant\u00eda legal a 6 meses.<\/p>\n\n\n\n<p><strong>Proyecto de Ley \u201cSERNAC Te Protege\u201d<\/strong><\/p>\n\n\n\n<p>Adem\u00e1s, la autoridad regional destac\u00f3 la tramitaci\u00f3n del proyecto de ley \u201cSERNAC Te protege\u201d, el cual ya fue aprobado en general por la Comisi\u00f3n de Econom\u00eda de la C\u00e1mara de Diputadas y Diputados, y que le entregar\u00e1 al Servicio la facultad de sancionar a las empresas cuando no cumplan con la normativa y no den respuesta a las personas afectadas.<\/p>\n\n\n\n<p>\u201cEsperamos que el proyecto avance con la celeridad necesaria en el Congreso y se convierta pronto en Ley, lo cual constituir\u00eda un paso muy relevante en el fortalecimiento de los derechos de las y los consumidores del pa\u00eds\u201d, resalt\u00f3 Ram\u00edrez.<\/p>\n\n\n\n<p>La Directora Regional del SERNAC indic\u00f3 que mediante esta iniciativa se pretende eliminar una de las principales brechas que a\u00fan persisten y que tiene que ver con la soluci\u00f3n de los casos que afectan individualmente a los consumidores.<\/p>\n\n\n\n<p>Actualmente, SERNAC no cuenta con las herramientas suficientes para dar una soluci\u00f3n oportuna a los problemas individuales de las y los consumidores, prueba de ello es que un 43% de los reclamos no se resuelven satisfactoriamente en favor de las personas.<\/p>\n\n\n\n<p>El proyecto de ley \u201cSERNAC Te Protege\u201d considera una gesti\u00f3n de reclamos expedita y eficaz por parte de las empresas mediante la creaci\u00f3n de canales de atenci\u00f3n de reclamos, junto con la obligaci\u00f3n de responderlos.<\/p>\n\n\n\n<p>Adem\u00e1s, refuerza el rol que desempe\u00f1a SERNAC en la gesti\u00f3n de los reclamos que recibe, obligando a las empresas a dar respuesta al organismo cuando les sean derivados, acci\u00f3n que actualmente es totalmente voluntaria, incrementando la posibilidad de lograr reparaciones r\u00e1pidas y efectivas para las personas consumidoras en esta instancia.<\/p>\n\n\n\n<p>Finalmente, el proyecto de ley tambi\u00e9n establece la facultad al SERNAC de sancionar a las empresas que no ofrezcan soluciones oportunas y pertinentes a las personas consumidoras en problem\u00e1ticas individuales de consumo.<\/p>\n\n\n\n<p>\u201cA trav\u00e9s de un procedimiento administrativo eficiente, expedito y debidamente regulado, el Servicio podr\u00e1 adem\u00e1s adoptar algunas medidas para defender a las personas consumidoras, como, por ejemplo, obligar a las empresas a restituir cobros mal efectuados, ordenar el cese de la conducta que infringe la ley en el caso particular, multa a beneficio fiscal, y disponer de otras acciones preventivas\u201d, resalt\u00f3 la autoridad regional.<\/p>\n\n\n\n<p><strong>D\u00eda de los Derechos de las Personas Consumidoras<\/strong><\/p>\n\n\n\n<p>\u201cTodos somos consumidores\u201d es la frase que acu\u00f1\u00f3 el ex presidente estadounidense John F. Kennedy en el a\u00f1o 1962 ante el congreso de su pa\u00eds, resaltando por primera vez que los ciudadanos tienen derecho a la seguridad, a la informaci\u00f3n, la libre elecci\u00f3n y a ser escuchados por las empresas.<\/p>\n\n\n\n<p>Sus palabras cobraron tal fuerza, que la Carta de Derechos y Deberes de los Consumidores no tard\u00f3 en llegar. Sin embargo, no fue sino hasta 20 a\u00f1os despu\u00e9s, el 15 de marzo de 1983, se celebr\u00f3 por primera vez el \u00abD\u00eda Mundial del Consumidor\u00bb.<\/p>\n\n\n\n<p>\u201cComo SERNAC adherimos y valoramos esta celebraci\u00f3n, pues representa la lucha y los avances logrados en materia de protecci\u00f3n de los derechos de las y los consumidores, destac\u00f3 Pamela Ram\u00edrez.&nbsp;<\/p>\n","protected":false},"excerpt":{"rendered":"<p>En el contexto del \u201cD\u00eda Mundial del Consumidor\u201d, SERNAC despleg\u00f3 sus facultades, realizando acciones de fiscalizaci\u00f3n en el comercio de Punta Arenas para verificar el cumplimiento de la Ley del&#8230; <a class=\"read-more\" href=\"https:\/\/www.radiopresidenteibanez.cl\/web\/sernac-en-magallanes-conmemoro-el-dia-mundial-del-consumidor-con-diversas-actividades\/\">Leer m\u00e1s<\/a><\/p>\n","protected":false},"author":2,"featured_media":47309,"comment_status":"closed","ping_status":"closed","sticky":false,"template":"","format":"standard","meta":{"footnotes":""},"categories":[1],"tags":[],"class_list":["post-47308","post","type-post","status-publish","format-standard","has-post-thumbnail","hentry","category-cronica"],"_links":{"self":[{"href":"https:\/\/www.radiopresidenteibanez.cl\/web\/wp-json\/wp\/v2\/posts\/47308","targetHints":{"allow":["GET"]}}],"collection":[{"href":"https:\/\/www.radiopresidenteibanez.cl\/web\/wp-json\/wp\/v2\/posts"}],"about":[{"href":"https:\/\/www.radiopresidenteibanez.cl\/web\/wp-json\/wp\/v2\/types\/post"}],"author":[{"embeddable":true,"href":"https:\/\/www.radiopresidenteibanez.cl\/web\/wp-json\/wp\/v2\/users\/2"}],"replies":[{"embeddable":true,"href":"https:\/\/www.radiopresidenteibanez.cl\/web\/wp-json\/wp\/v2\/comments?post=47308"}],"version-history":[{"count":0,"href":"https:\/\/www.radiopresidenteibanez.cl\/web\/wp-json\/wp\/v2\/posts\/47308\/revisions"}],"wp:featuredmedia":[{"embeddable":true,"href":"https:\/\/www.radiopresidenteibanez.cl\/web\/wp-json\/wp\/v2\/media\/47309"}],"wp:attachment":[{"href":"https:\/\/www.radiopresidenteibanez.cl\/web\/wp-json\/wp\/v2\/media?parent=47308"}],"wp:term":[{"taxonomy":"category","embeddable":true,"href":"https:\/\/www.radiopresidenteibanez.cl\/web\/wp-json\/wp\/v2\/categories?post=47308"},{"taxonomy":"post_tag","embeddable":true,"href":"https:\/\/www.radiopresidenteibanez.cl\/web\/wp-json\/wp\/v2\/tags?post=47308"}],"curies":[{"name":"wp","href":"https:\/\/api.w.org\/{rel}","templated":true}]}}