{"id":47297,"date":"2024-03-26T11:40:00","date_gmt":"2024-03-26T14:40:00","guid":{"rendered":"https:\/\/www.radiopresidenteibanez.cl\/web\/?p=47297"},"modified":"2024-03-26T10:31:17","modified_gmt":"2024-03-26T13:31:17","slug":"realizan-recambio-de-contenedores-en-edificios-sociales","status":"publish","type":"post","link":"https:\/\/www.radiopresidenteibanez.cl\/web\/realizan-recambio-de-contenedores-en-edificios-sociales\/","title":{"rendered":"REALIZAN RECAMBIO DE CONTENEDORES EN EDIFICIOS SOCIALES"},"content":{"rendered":"\n<p>Este mediod\u00eda, la Municipalidad de Punta Arenas llev\u00f3 a cabo un recambio de contenedores en edificios sociales de la poblaci\u00f3n Archipi\u00e9lago de Chilo\u00e9. La instalaci\u00f3n de los nuevos dep\u00f3sitos de 1.100 litros de capacidad, se da en el marco del nuevo contrato de Recolecci\u00f3n de residuos s\u00f3lidos domiciliarios, que tiene una duraci\u00f3n de cinco a\u00f1os y que considera la entrega e instalaci\u00f3n por parte de la empresa \u00c1reas Verdes, de un m\u00ednimo de 100 contenedores de pl\u00e1stico por cada a\u00f1o.\u00a0<\/p>\n\n\n\n<p><br>\u00abEste nuevo contrato comenz\u00f3 el 1 de marzo por cinco a\u00f1os e incluye la instalaci\u00f3n de estos nuevos contenedores, donde estamos privilegiando los edificios de nuestra ciudad, los cuales generan un volumen de basura distinto, por lo tanto, estamos realizando el cambio de los antiguos contenedores que, seg\u00fan indicaron los vecinos, eran muy pesados para su traslado, no eran bonitos y para los camiones eran casi imposibles de levantar\u00bb, explic\u00f3 el alcalde de Punta Arenas, Claudio Radonich, quien a\u00f1adi\u00f3 que \u00abestos nuevos contenedores\u00a0est\u00e1n dise\u00f1ados para que f\u00e1cilmente\u00a0los camiones los puedan vaciar y son mucho m\u00e1s est\u00e9ticos para los distintos barrios de nuestra comuna\u00bb.\u00a0<br>De esta manera, se retirar\u00e1n los antiguos dep\u00f3sitos\u00a0triangulares que han sido utilizados durante m\u00e1s de 10 a\u00f1os, para instalar nuevos contenedores compatibles con el sistema de alzacontenedor\u00a0de los camiones recolectores.\u00a0\u00a0<br>Por su parte, Claudia Delich,\u00a0<\/p>\n\n\n\n<p>directora de Medio Ambiente, Aseo y Ornato, se\u00f1al\u00f3 que \u00abestos contenedores est\u00e1n destinados preferentemente a edificios sociales, tienen casi la misma capacidad que los dep\u00f3sitos anteriormente&nbsp;utilizados, son mucho m\u00e1s livianos y los pueden cargar m\u00e1s f\u00e1cilmente los camiones de recolecci\u00f3n de basura\u00bb.&nbsp;<br>Cabe mencionar que tanto la instalaci\u00f3n como la ubicaci\u00f3n de estos contenedores, ser\u00e1 consensuada con los vecinos y vecinas a trav\u00e9s de los representantes de las sedes vecinales existentes, a lo que se sumar\u00e1 la realizaci\u00f3n de charlas de reciclaje, correcto uso de los contenedores y disposici\u00f3n de residuos.<\/p>\n","protected":false},"excerpt":{"rendered":"<p>Este mediod\u00eda, la Municipalidad de Punta Arenas llev\u00f3 a cabo un recambio de contenedores en edificios sociales de la poblaci\u00f3n Archipi\u00e9lago de Chilo\u00e9. La instalaci\u00f3n de los nuevos dep\u00f3sitos de&#8230; <a class=\"read-more\" href=\"https:\/\/www.radiopresidenteibanez.cl\/web\/realizan-recambio-de-contenedores-en-edificios-sociales\/\">Leer m\u00e1s<\/a><\/p>\n","protected":false},"author":2,"featured_media":47298,"comment_status":"closed","ping_status":"closed","sticky":false,"template":"","format":"standard","meta":{"footnotes":""},"categories":[1],"tags":[],"class_list":["post-47297","post","type-post","status-publish","format-standard","has-post-thumbnail","hentry","category-cronica"],"_links":{"self":[{"href":"https:\/\/www.radiopresidenteibanez.cl\/web\/wp-json\/wp\/v2\/posts\/47297","targetHints":{"allow":["GET"]}}],"collection":[{"href":"https:\/\/www.radiopresidenteibanez.cl\/web\/wp-json\/wp\/v2\/posts"}],"about":[{"href":"https:\/\/www.radiopresidenteibanez.cl\/web\/wp-json\/wp\/v2\/types\/post"}],"author":[{"embeddable":true,"href":"https:\/\/www.radiopresidenteibanez.cl\/web\/wp-json\/wp\/v2\/users\/2"}],"replies":[{"embeddable":true,"href":"https:\/\/www.radiopresidenteibanez.cl\/web\/wp-json\/wp\/v2\/comments?post=47297"}],"version-history":[{"count":0,"href":"https:\/\/www.radiopresidenteibanez.cl\/web\/wp-json\/wp\/v2\/posts\/47297\/revisions"}],"wp:featuredmedia":[{"embeddable":true,"href":"https:\/\/www.radiopresidenteibanez.cl\/web\/wp-json\/wp\/v2\/media\/47298"}],"wp:attachment":[{"href":"https:\/\/www.radiopresidenteibanez.cl\/web\/wp-json\/wp\/v2\/media?parent=47297"}],"wp:term":[{"taxonomy":"category","embeddable":true,"href":"https:\/\/www.radiopresidenteibanez.cl\/web\/wp-json\/wp\/v2\/categories?post=47297"},{"taxonomy":"post_tag","embeddable":true,"href":"https:\/\/www.radiopresidenteibanez.cl\/web\/wp-json\/wp\/v2\/tags?post=47297"}],"curies":[{"name":"wp","href":"https:\/\/api.w.org\/{rel}","templated":true}]}}