{"id":47287,"date":"2024-03-26T08:18:55","date_gmt":"2024-03-26T11:18:55","guid":{"rendered":"https:\/\/www.radiopresidenteibanez.cl\/web\/?p=47287"},"modified":"2024-03-26T08:19:27","modified_gmt":"2024-03-26T11:19:27","slug":"subsecretaria-de-agricultura-destaca-disminucion-de-incendios-forestales-durante-esta-temporada","status":"publish","type":"post","link":"https:\/\/www.radiopresidenteibanez.cl\/web\/subsecretaria-de-agricultura-destaca-disminucion-de-incendios-forestales-durante-esta-temporada\/","title":{"rendered":"SUBSECRETARIA DE AGRICULTURA DESTACA DISMINUCION DE INCENDIOS FORESTALES DURANTE ESTA TEMPORADA"},"content":{"rendered":"\n<p>En un encuentro realizado en el vivero de la Corporacio\u0301n Nacional Forestal<br>(CONAF) en R\u00edo de los Ciervos, en la regi\u00f3n de Magallanes, la subsecretaria de<br>Agricultura, Ignacia Fern\u00e1ndez, junto a autoridades regionales, realizaron una<br>evaluaci\u00f3n de lo que fue la temporada 2023-2024 en materia de mitigaci\u00f3n,<br>prevenci\u00f3n y combate de incendios forestales.<br>Durante la entrega de este balance, se destac\u00f3 que durante esta temporada, se<br>produjo un 25% menos de siniestros en comparaci\u00f3n al periodo 2022-2023. En<br>detalle, acontecieron 15 incendios que afectaron a un total de 1.276 hect\u00e1reas,<br>cifra menor que la temporada anterior que fue de 20 incendios con 2.990<br>hect\u00e1reas afectadas.<br>Adem\u00e1s, se relev\u00f3 el compromiso presidencial de incorporar un segundo<br>helic\u00f3ptero para el combate de incendios forestales en la regi\u00f3n, sum\u00e1ndose al<br>que ya estaba operativo desde hace a\u00f1os en Magallanes y que tiene como base<br>de operaciones el Parque Nacional Torres del Paine. Esta nueva aeronave fue<br>crucial en el control de diversos focos de incendios, ya que permiti\u00f3\u0301, adem\u00e1s de<br>un ataque r\u00e1pido a las alertas, trasladar a brigadistas desde la provincia de<br>Magallanes a sectores de dif\u00edcil acceso que, en otras condiciones, habr\u00eda<br>provocado el riesgo de aumentar la magnitud de los incendios.<br>\u201cEsta temporada logramos disminuir el n\u00famero de incendios en Magallanes,<br>pasamos de 20 a 15, pero fundamentalmente disminuimos el n\u00famero de<br>hect\u00e1reas afectadas. En el periodo 2022-2023 fueron cerca de 3 mil y durante la<br>presente temporada cerca de 1.200, lo que significa una reducci\u00f3n importante, que<br>es una cifra que tambi\u00e9n hemos observado en general a lo largo del pa\u00eds, a<br>excepci\u00f3n de la situaci\u00f3n lamentable de la regi\u00f3n de Valpara\u00edso\u201d, enfatiz\u00f3 la<br>subsecretaria Ignacia Fern\u00e1ndez.<\/p>\n\n\n\n<p>A estas iniciativas, se sumaron otras como la incorporaci\u00f3n de una brigada<br>nocturna que permiti\u00f3\u0301 relevar el combate de incendios forestales con las brigadas<br>diurnas y, de esta manera, aprovechar la humedad de la noche y uso de<br>maquinarias para evitar que el fuego se propagara. Cabe destacar, adem\u00e1s, la<br>decisi\u00f3n acertada de mantener y potenciar las dos brigadas en la provincia de<br>Tierra del Fuego, una en Porvenir y otra en Pampa Guanaco, considerando que,<br>de los 15 incendios acontecidos en la regi\u00f3n, cuatro de ellos fueron en el territorio<br>fueguino.<br>Adem\u00e1s, las acciones en prevenci\u00f3n con capacitaciones a instituciones, trabajo<br>con comunidades locales y presencia en eventos p\u00fablicos resultaron efectivas en<br>lograr evitar incendios de gran magnitud.<br>Por su parte, el director regional de CONAF, Arturo Rojas, expres\u00f3 que estos<br>resultados \u201cser\u00edan posibles sin un trabajo conjunto y colaborativo con una serie de<br>instituciones y organizaciones con las cuales se planifica diversas medidas de<br>prevenci\u00f3n y contingencia. CONAF es parte de un sistema m\u00e1s amplio y con una<br>red de apoyo donde est\u00e1n los servicios p\u00fablicos y el mundo privado\u201d.<br>Las autoridades tambi\u00e9n destacaron el aumento del presupuesto en la regi\u00f3n para<br>esta temporada que fue de 2.138 millones de pesos, casi un 25 % m\u00e1s que el<br>otorgado en la temporada pasada y que posibilito\u0301 la implementaci\u00f3n y ampliaci\u00f3n<br>de esta iniciativa para lograr una mayor eficiencia en disminuir la tasa de incendios<br>forestales en la regi\u00f3n.<\/p>\n","protected":false},"excerpt":{"rendered":"<p>En un encuentro realizado en el vivero de la Corporacio\u0301n Nacional Forestal(CONAF) en R\u00edo de los Ciervos, en la regi\u00f3n de Magallanes, la subsecretaria deAgricultura, Ignacia Fern\u00e1ndez, junto a autoridades&#8230; <a class=\"read-more\" href=\"https:\/\/www.radiopresidenteibanez.cl\/web\/subsecretaria-de-agricultura-destaca-disminucion-de-incendios-forestales-durante-esta-temporada\/\">Leer m\u00e1s<\/a><\/p>\n","protected":false},"author":2,"featured_media":47288,"comment_status":"closed","ping_status":"closed","sticky":false,"template":"","format":"standard","meta":{"footnotes":""},"categories":[1],"tags":[],"class_list":["post-47287","post","type-post","status-publish","format-standard","has-post-thumbnail","hentry","category-cronica"],"_links":{"self":[{"href":"https:\/\/www.radiopresidenteibanez.cl\/web\/wp-json\/wp\/v2\/posts\/47287","targetHints":{"allow":["GET"]}}],"collection":[{"href":"https:\/\/www.radiopresidenteibanez.cl\/web\/wp-json\/wp\/v2\/posts"}],"about":[{"href":"https:\/\/www.radiopresidenteibanez.cl\/web\/wp-json\/wp\/v2\/types\/post"}],"author":[{"embeddable":true,"href":"https:\/\/www.radiopresidenteibanez.cl\/web\/wp-json\/wp\/v2\/users\/2"}],"replies":[{"embeddable":true,"href":"https:\/\/www.radiopresidenteibanez.cl\/web\/wp-json\/wp\/v2\/comments?post=47287"}],"version-history":[{"count":0,"href":"https:\/\/www.radiopresidenteibanez.cl\/web\/wp-json\/wp\/v2\/posts\/47287\/revisions"}],"wp:featuredmedia":[{"embeddable":true,"href":"https:\/\/www.radiopresidenteibanez.cl\/web\/wp-json\/wp\/v2\/media\/47288"}],"wp:attachment":[{"href":"https:\/\/www.radiopresidenteibanez.cl\/web\/wp-json\/wp\/v2\/media?parent=47287"}],"wp:term":[{"taxonomy":"category","embeddable":true,"href":"https:\/\/www.radiopresidenteibanez.cl\/web\/wp-json\/wp\/v2\/categories?post=47287"},{"taxonomy":"post_tag","embeddable":true,"href":"https:\/\/www.radiopresidenteibanez.cl\/web\/wp-json\/wp\/v2\/tags?post=47287"}],"curies":[{"name":"wp","href":"https:\/\/api.w.org\/{rel}","templated":true}]}}