{"id":47284,"date":"2024-03-25T18:36:00","date_gmt":"2024-03-25T21:36:00","guid":{"rendered":"https:\/\/www.radiopresidenteibanez.cl\/web\/?p=47284"},"modified":"2024-03-25T15:38:00","modified_gmt":"2024-03-25T18:38:00","slug":"delegacion-provincial-de-tierra-del-fuego-cierra-mes-de-la-mujer-con-gobierno-en-terreno-en-porvenir","status":"publish","type":"post","link":"https:\/\/www.radiopresidenteibanez.cl\/web\/delegacion-provincial-de-tierra-del-fuego-cierra-mes-de-la-mujer-con-gobierno-en-terreno-en-porvenir\/","title":{"rendered":"DELEGACION PROVINCIAL DE TIERRA DEL FUEGO CIERRA MES DE LA MUJER CON GOBIERNO EN TERRENO EN PORVENIR"},"content":{"rendered":"\n<p>El encuentro organizado por la Delegaci\u00f3n Presidencial Provincial de Tierra del Fuego, se<br>desarroll\u00f3 con la presencia de servicios p\u00fablicos a disposici\u00f3n de la comunidad, destacando<br>Prodemu y el Centro de la Mujer, quienes estuvieron difundiendo sus programas de atenci\u00f3n,<br>resolviendo dudas y compartiendo el mensaje por un Chile libre de violencia contra la mujer.<br>En esta oportunidad tambi\u00e9n se sumaron emprendedoras locales con su variedad de productos<br>que junto a la oferta de los servicios presentes congregaron a vecinas y vecinos de la comuna en<br>una exitosa jornada de Gobierno en Terreno, donde adem\u00e1s se cont\u00f3 con la participaci\u00f3n del<br>Registro Social de Hogares de la Seremi de Desarrollo Social y Familia, quienes respondieron<br>consultas y apoyaron a las y los usuarios que se acercaron a su stand.<br>Se sumaron al despliegue, la oferta del Programa Diurno Comunitario del Servicio Nacional del<br>Adulto Mayor y el Programa de Promoci\u00f3n e Informaci\u00f3n de los Derechos Ind\u00edgenas de la<br>Corporaci\u00f3n Nacional de Desarrollo Ind\u00edgena, ambos ejecutados por la Delegaci\u00f3n. De igual<br>manera, participaron los equipos del Hospital Dr. Marco Chamorro Iglesias, el CFT de Magallanes,<br>el Instituto de Previsi\u00f3n Social y el PIE de Crea Equidad. Durante el encuentro, la seguridad<br>tambi\u00e9n tuvo lugar con la representaci\u00f3n de Carabineros y la Coordinadora de Seguridad P\u00fablica<br>de la Municipalidad de Porvenir.<br>De esta forma, se dio cierre al conjunto de actividades realizadas en el marco del Mes de la Mujer,<br>el que tuvo como objetivo entregar espacios para su desarrollo y tambi\u00e9n para hacer visibles las<br>demandas por mayor equidad, concientizar y erradicar la violencia de g\u00e9nero.<br>La delegada presidencial provincial de Tierra del Fuego, Karim Fierro destac\u00f3 la instancia que<br>reuni\u00f3 a la oferta p\u00fablica con otros servicios de gran inter\u00e9s para la comunidad \u201ceste s\u00e1bado<br>llevamos nuestros dispositivos y programas a este encuentro que busca acercar el Estado y el<br>Gobierno a los habitantes de la provincia, pensando en su car\u00e1cter descentralizador y de<br>promoci\u00f3n de la participaci\u00f3n ciudadana, que en esta ocasi\u00f3n tuvo especial foco en el acto<br>conmemorativo de lo fue el 8M\u201d indic\u00f3 la delegada.<br>El despliegue del Gobierno en Terreno tambi\u00e9n se realizar\u00e1 en las comunas de Timaukel y<br>Primavera durante el mes de abril, donde se espera amplificar la presencia de la Delegaci\u00f3n a las y<br>los habitantes de toda la provincia.<\/p>\n","protected":false},"excerpt":{"rendered":"<p>El encuentro organizado por la Delegaci\u00f3n Presidencial Provincial de Tierra del Fuego, sedesarroll\u00f3 con la presencia de servicios p\u00fablicos a disposici\u00f3n de la comunidad, destacandoProdemu y el Centro de la&#8230; <a class=\"read-more\" href=\"https:\/\/www.radiopresidenteibanez.cl\/web\/delegacion-provincial-de-tierra-del-fuego-cierra-mes-de-la-mujer-con-gobierno-en-terreno-en-porvenir\/\">Leer m\u00e1s<\/a><\/p>\n","protected":false},"author":2,"featured_media":47285,"comment_status":"closed","ping_status":"closed","sticky":false,"template":"","format":"standard","meta":{"footnotes":""},"categories":[1],"tags":[],"class_list":["post-47284","post","type-post","status-publish","format-standard","has-post-thumbnail","hentry","category-cronica"],"_links":{"self":[{"href":"https:\/\/www.radiopresidenteibanez.cl\/web\/wp-json\/wp\/v2\/posts\/47284","targetHints":{"allow":["GET"]}}],"collection":[{"href":"https:\/\/www.radiopresidenteibanez.cl\/web\/wp-json\/wp\/v2\/posts"}],"about":[{"href":"https:\/\/www.radiopresidenteibanez.cl\/web\/wp-json\/wp\/v2\/types\/post"}],"author":[{"embeddable":true,"href":"https:\/\/www.radiopresidenteibanez.cl\/web\/wp-json\/wp\/v2\/users\/2"}],"replies":[{"embeddable":true,"href":"https:\/\/www.radiopresidenteibanez.cl\/web\/wp-json\/wp\/v2\/comments?post=47284"}],"version-history":[{"count":0,"href":"https:\/\/www.radiopresidenteibanez.cl\/web\/wp-json\/wp\/v2\/posts\/47284\/revisions"}],"wp:featuredmedia":[{"embeddable":true,"href":"https:\/\/www.radiopresidenteibanez.cl\/web\/wp-json\/wp\/v2\/media\/47285"}],"wp:attachment":[{"href":"https:\/\/www.radiopresidenteibanez.cl\/web\/wp-json\/wp\/v2\/media?parent=47284"}],"wp:term":[{"taxonomy":"category","embeddable":true,"href":"https:\/\/www.radiopresidenteibanez.cl\/web\/wp-json\/wp\/v2\/categories?post=47284"},{"taxonomy":"post_tag","embeddable":true,"href":"https:\/\/www.radiopresidenteibanez.cl\/web\/wp-json\/wp\/v2\/tags?post=47284"}],"curies":[{"name":"wp","href":"https:\/\/api.w.org\/{rel}","templated":true}]}}