{"id":47281,"date":"2024-03-25T17:47:00","date_gmt":"2024-03-25T20:47:00","guid":{"rendered":"https:\/\/www.radiopresidenteibanez.cl\/web\/?p=47281"},"modified":"2024-03-25T15:24:38","modified_gmt":"2024-03-25T18:24:38","slug":"edelmag-comienza-mantenimiento-de-sus-unidades-generadoras-preparandose-para-el-invierno","status":"publish","type":"post","link":"https:\/\/www.radiopresidenteibanez.cl\/web\/edelmag-comienza-mantenimiento-de-sus-unidades-generadoras-preparandose-para-el-invierno\/","title":{"rendered":"EDELMAG COMIENZA MANTENIMIENTO DE SUS UNIDADES GENERADORAS PREPARANDOSE PARA EL INVIERNO"},"content":{"rendered":"\n<p>Este mes se dio inicio al mantenimiento pre- invernal de las unidades generadoras que se encuentran ubicadas en la Central Tres Puentes. Esta actividad tiene una duraci\u00f3n de tres semanas, y se realiza para asegurar que las turbinas mantengan su confiabilidad durante los meses de mayor demanda.<\/p>\n\n\n\n<p>Se trata de mantenimientos habituales de tres unidades generadoras, cuyos trabajos se desarrollan sin alterar la continuidad del suministro el\u00e9ctrico, esto debido al uso de unidades de respaldo que satisfacen la demanda requerida.<\/p>\n\n\n\n<p>\u201cDentro de nuestro programa de mantenimientos mayores corresponde, en el mes de marzo, ejecutar esta actividad sobre nuestras unidades base que son las turbinas del sistema de generaci\u00f3n de Punta Arenas que est\u00e1n ubicadas en la Central Tres Puentes. Estos mantenimientos lo denominamos pre-invernales, porque se ejecutan en la etapa previa al invierno y nos permite garantizar un \u00f3ptimo funcionamiento de las unidades para as\u00ed mantener un suministro de calidad para la comunidad de Punta Arenas\u201d, coment\u00f3 Alejandro Ulloa, Jefe de Mantenci\u00f3n Generaci\u00f3n.<\/p>\n\n\n\n<p>Estos mantenimientos se programan en conjunto con el fabricante de las turbinas, en donde participan t\u00e9cnicos representantes de la f\u00e1brica, en este caso profesionales brasileros de Solar Turbines, que est\u00e1n a cargo de certificar los trabajos que se ejecutan en conjunto con t\u00e9cnicos especialistas de EDELMAG.<\/p>\n","protected":false},"excerpt":{"rendered":"<p>Este mes se dio inicio al mantenimiento pre- invernal de las unidades generadoras que se encuentran ubicadas en la Central Tres Puentes. Esta actividad tiene una duraci\u00f3n de tres semanas,&#8230; <a class=\"read-more\" href=\"https:\/\/www.radiopresidenteibanez.cl\/web\/edelmag-comienza-mantenimiento-de-sus-unidades-generadoras-preparandose-para-el-invierno\/\">Leer m\u00e1s<\/a><\/p>\n","protected":false},"author":2,"featured_media":47282,"comment_status":"closed","ping_status":"closed","sticky":false,"template":"","format":"standard","meta":{"footnotes":""},"categories":[1],"tags":[],"class_list":["post-47281","post","type-post","status-publish","format-standard","has-post-thumbnail","hentry","category-cronica"],"_links":{"self":[{"href":"https:\/\/www.radiopresidenteibanez.cl\/web\/wp-json\/wp\/v2\/posts\/47281","targetHints":{"allow":["GET"]}}],"collection":[{"href":"https:\/\/www.radiopresidenteibanez.cl\/web\/wp-json\/wp\/v2\/posts"}],"about":[{"href":"https:\/\/www.radiopresidenteibanez.cl\/web\/wp-json\/wp\/v2\/types\/post"}],"author":[{"embeddable":true,"href":"https:\/\/www.radiopresidenteibanez.cl\/web\/wp-json\/wp\/v2\/users\/2"}],"replies":[{"embeddable":true,"href":"https:\/\/www.radiopresidenteibanez.cl\/web\/wp-json\/wp\/v2\/comments?post=47281"}],"version-history":[{"count":0,"href":"https:\/\/www.radiopresidenteibanez.cl\/web\/wp-json\/wp\/v2\/posts\/47281\/revisions"}],"wp:featuredmedia":[{"embeddable":true,"href":"https:\/\/www.radiopresidenteibanez.cl\/web\/wp-json\/wp\/v2\/media\/47282"}],"wp:attachment":[{"href":"https:\/\/www.radiopresidenteibanez.cl\/web\/wp-json\/wp\/v2\/media?parent=47281"}],"wp:term":[{"taxonomy":"category","embeddable":true,"href":"https:\/\/www.radiopresidenteibanez.cl\/web\/wp-json\/wp\/v2\/categories?post=47281"},{"taxonomy":"post_tag","embeddable":true,"href":"https:\/\/www.radiopresidenteibanez.cl\/web\/wp-json\/wp\/v2\/tags?post=47281"}],"curies":[{"name":"wp","href":"https:\/\/api.w.org\/{rel}","templated":true}]}}